{"id":256,"date":"2022-11-11T17:29:00","date_gmt":"2022-11-11T20:29:00","guid":{"rendered":"https:\/\/san.uri.br\/tecnouri\/?p=256"},"modified":"2023-03-06T16:22:13","modified_gmt":"2023-03-06T19:22:13","slug":"cursos-de-engenharia-promovem-semana-academica-e-forum-integrado-tecnologico","status":"publish","type":"post","link":"https:\/\/san.uri.br\/tecnouri\/index.php\/2022\/11\/11\/cursos-de-engenharia-promovem-semana-academica-e-forum-integrado-tecnologico\/","title":{"rendered":"CURSOS DE ENGENHARIA PROMOVEM SEMANA ACAD\u00caMICA E F\u00d3RUM INTEGRADO TECNOL\u00d3GICO"},"content":{"rendered":"\n<figure class=\"wp-block-image size-large\"><img src=\"https:\/\/san.uri.br\/sites\/site_novo\/wp-content\/uploads\/2022\/11\/Post.png\" alt=\"\"\/><\/figure>\n\n\n\n<p>Os Cursos de Engenharia El\u00e9trica, Engenharia Qu\u00edmica e Engenharia Civil, da URI Santo \u00c2ngelo, promovem do dia 16 at\u00e9 o dia 22 de novembr4o, o III FIT \u2013 F\u00f3rum Integrado Tecnol\u00f3gico.<\/p>\n\n\n\n<p>O prop\u00f3sito geral \u00e9 difundir a troca de experi\u00eancias e conhecimentos t\u00e9cnico entre profissionais, estudantes, pesquisadores e alunos dos cursos de Engenharia.<\/p>\n\n\n\n<p>Segundo os coordenadores, Isaac dos Santos Nunes, da Engenharia Qu\u00edmica, Gustavo Martins Cantarelli, da Engenharia Civil e Iuri Castro Figueir\u00f3, da Engenharia El\u00e9trica, durante toda a semana, acontecer\u00e3o palestras e discuss\u00f5es sobre o avan\u00e7o tecnol\u00f3gico e as constantes mudan\u00e7as no cen\u00e1rio econ\u00f4mico e industrial, envolvendo os alunos de engenharia e profissionais da \u00e1rea.<\/p>\n\n\n\n<p>A inscri\u00e7\u00e3o ser\u00e1 on-line atrav\u00e9s do site <a href=\"http:\/\/www.san.uri.br\">www.san.uri.br<\/a> e o investimento ser\u00e1 de R$ 40,00 para professores e alunos da URI, R$ 40,00 para os demais interessados e R$ 50,00 para os minicursos.<\/p>\n\n\n\n<p>No dia 16\/11, acontece a abertura do III FIT a partir das 19h30 minutos junto ao audit\u00f3rio do TecnoURI, com palestra a cargo de Renan Pardinho, com o tema \u201cDa Universidade ao Neg\u00f3cio: A arte de empreender\u201d.<\/p>\n\n\n\n<p>PROGRAMA\u00c7\u00c3O DA VIII SEMANA ACAD\u00caMICA ENGENHARIA QU\u00cdMICA<\/p>\n\n\n\n<p>Quinta-feira, dia 17\/11, \u00e0s 19h30 palestra \u2013 Desafios e Oportunidades Tecnol\u00f3gicas na Ind\u00fastria, com os palestrantes, engenheiros Charles Weschenfelder e Cristian Patias.<\/p>\n\n\n\n<p>\u00c0s 21h, palestra \u2013 Introdu\u00e7\u00e3o ao Meio OffShore, com o engenheiro Qu\u00edmica Amir John Scheid e o engenheiro Mec\u00e2nico, Raphael Forgearini Pinheiro.<\/p>\n\n\n\n<p>Sexta-feira, dia 18\/11, \u00e0s 8h acontece viagem com visitas t\u00e9cnicas a empresa Simbiose em Cruz Alta e Dubai Alimentos, na cidade de Iju\u00ed.<\/p>\n\n\n\n<p>\u00c0s 19h30, palestra sobre Legisla\u00e7\u00e3o, \u00c9tica, Carteira Digital, Empreender e Inovar na Engenharia, com o engenheiro de Produ\u00e7\u00e3o, F\u00e1bio Chaves.<\/p>\n\n\n\n<p>Segunda-feira, dia 21\/11, \u00e0s 19h30, painel de encontro de egressos, com perspectivas da atua\u00e7\u00e3o de profissionais da Engenharia Qu\u00edmica formados pela URI Santo \u00c2ngelo. J\u00e1 confirmaram participa\u00e7\u00e3o: J\u00falia Cristina Diel, Gabrieli Carvalho Gr\u00e1s, Gabriele Dornelles \u00c1vila, Kamilla Os\u00f3rio rodrigues, Bianca Maciel Marques, Rog\u00e9rio Lodi e Gabriel roque Kuhn.<\/p>\n\n\n\n<p>Ter\u00e7a-feira, dia 22\/11, \u00e0s 19h30, ocorre no quiosque da URI, a VI Mostra de Trabalhos de Engenharia Qu\u00edmica.<\/p>\n\n\n\n<p>PROGRAMA\u00c7\u00c3O DA VIII SEMANA ACAD\u00caMICA DE ENGENHARIA EL\u00c9TRICA<\/p>\n\n\n\n<p>Quinta-feira, dia 17\/11, \u00e0s 19h30, palestra \u2013 \u201cDesafios e oportunidades na Ind\u00fastria\u201d, com Charles Weschenfelder, supervis\u00e3o de automa\u00e7\u00e3o industrial e Cristian Patias, supervisor de projetos de Ci\u00eancia de Dados.<\/p>\n\n\n\n<p>\u00c0s 21h, palestra \u201cMercado Livre de Energia: Condi\u00e7\u00f5es de ades\u00e3o e Perspectivas\u201d, com Luiz Alberto Krummenauer, gerente comercial da Perfil Energia, mestre em Gest\u00e3o Estrat\u00e9gica e Competitividade, com experi\u00eancia de mais de 40 anos no setor el\u00e9trico.<\/p>\n\n\n\n<p>Sexta-feira, dia 18\/11, \u00e0s 13h30, Workschop \u2013 Princ\u00edpios de Dimensionamento de uma Microgera\u00e7\u00e3o de Energia Fotovoltaica, com Pedro Petry, da empresa Petry Costel Engenharia.<\/p>\n\n\n\n<p>\u00c0s 19h30, palestra \u2013 \u201cLegisla\u00e7\u00e3o, \u00c9tica, Carteira Digital, Empreender e Inovar na Engenharia\u201d, com os engenheiros, F\u00e1bio Chaves e Nanci Walter.<\/p>\n\n\n\n<p>S\u00e1bado, dia 19\/11, \u00e0s 8h30, Workshop sobre Projetos de Usinas Fotovoltaicas para clientes do Grupo A, com o engenheiro Eletricista, Gabriel Gehlen.<\/p>\n\n\n\n<p>Segunda-feira, dia 21\/11, \u00e0s 13h30, visita t\u00e9cnica a PCH Ijuizinho Cermiss\u00f5es, com Pedro Petry.<\/p>\n\n\n\n<p>\u00c0s 19h30, roda de conversas com egressos: Trajet\u00f3ria e Viv\u00eancias Profissionais, com os moderadores, Iuri Figueir\u00f3, Alexandre dos Santos Roque e Caroline Fucks Darui.<\/p>\n\n\n\n<p>Ter\u00e7a-feira, dia 23\/11, mostra de Trabalhos Cient\u00edficos e Tecnol\u00f3gicos da Engenharia El\u00e9trica: Trabalhos de Conclus\u00e3o de curso 2022.<\/p>\n\n\n\n<p>PROGRAMA\u00c7\u00c3O SEMANA ACAD\u00caMICA DE ENGENHARIA CIVIL<\/p>\n\n\n\n<p>Quinta-feira, dia 17\/11, \u00e0s 13h30, minicurso de REVIT, com J\u00falia Veronese Matos, da empresa Taaf Designe e Arquitetura.<\/p>\n\n\n\n<p>\u00c0s 19h30, palestra sobre Estruturas de conten\u00e7\u00e3o em solo grampeado em face verde: estudo do caso Luiz Alves\/SC, com o engenheiro Alan Donassolo, da empresa Maccaferri.<\/p>\n\n\n\n<p>\u00c0s 10h45, palestra sobre Aterros sanit\u00e1rios e seu papel na valoriza\u00e7\u00e3o e transforma\u00e7\u00e3o de res\u00edduos em subprodutos, com a engenheira Sinara Andreola, da Companhia Rio-grandense de Valoriza\u00e7\u00e3o de Res\u00edduos.<\/p>\n\n\n\n<p>Sexta-feira, dia 18\/11, \u00e0s 19h30, palestra sobre o CREA \u2013 Legisla\u00e7\u00e3o, \u00e9tica, carteira digital, empreender e inovar na engenharia, com o engenheiro F\u00e1bio Chaves.<\/p>\n\n\n\n<p>Segunda-feira, dia 21\/11, \u00e0s 13h30, minicurso de TQS, com o engenheiro e professor B\u00f3ris Casanova Sokolovicz.<\/p>\n\n\n\n<p>\u00c0s 19h30, painel com o tema Ceramfix \u2013 Argamassas.<\/p>\n\n\n\n<p>\u00c0s 21h, conversa com o engenheiro Luiz Bassani, do DNIT<\/p>\n\n\n\n<p>Ter\u00e7a-feira, dia 22\/11, \u00e0s 13h30, minicurso de TQS, com o engenheiro e professor B\u00f3ris Casanova Sokolovicz.<\/p>\n\n\n\n<p>\u00c0s 19h30, conversa com o engenheiro Lito Noschang, sobre constru\u00e7\u00e3o civil.<\/p>\n\n\n\n<p>\u00c0s 21h, conversa com o engenheiro Gilberto Ganzer, sobre o tema pontes.<\/p>\n","protected":false},"excerpt":{"rendered":"<p>Os Cursos de Engenharia El\u00e9trica, Engenharia Qu\u00edmica e Engenharia Civil, da URI Santo \u00c2ngelo, promovem do dia 16 at\u00e9 o dia 22 de novembr4o, o III FIT \u2013 F\u00f3rum Integrado Tecnol\u00f3gico. O prop\u00f3sito geral \u00e9 difundir a troca de experi\u00eancias e conhecimentos t\u00e9cnico entre profissionais, estudantes, pesquisadores e alunos dos cursos de Engenharia. Segundo os coordenadores, Isaac dos Santos Nunes,&hellip;<\/p>\n","protected":false},"author":1,"featured_media":0,"comment_status":"closed","ping_status":"open","sticky":false,"template":"","format":"standard","meta":[],"categories":[2],"tags":[],"_links":{"self":[{"href":"https:\/\/san.uri.br\/tecnouri\/index.php\/wp-json\/wp\/v2\/posts\/256"}],"collection":[{"href":"https:\/\/san.uri.br\/tecnouri\/index.php\/wp-json\/wp\/v2\/posts"}],"about":[{"href":"https:\/\/san.uri.br\/tecnouri\/index.php\/wp-json\/wp\/v2\/types\/post"}],"author":[{"embeddable":true,"href":"https:\/\/san.uri.br\/tecnouri\/index.php\/wp-json\/wp\/v2\/users\/1"}],"replies":[{"embeddable":true,"href":"https:\/\/san.uri.br\/tecnouri\/index.php\/wp-json\/wp\/v2\/comments?post=256"}],"version-history":[{"count":1,"href":"https:\/\/san.uri.br\/tecnouri\/index.php\/wp-json\/wp\/v2\/posts\/256\/revisions"}],"predecessor-version":[{"id":257,"href":"https:\/\/san.uri.br\/tecnouri\/index.php\/wp-json\/wp\/v2\/posts\/256\/revisions\/257"}],"wp:attachment":[{"href":"https:\/\/san.uri.br\/tecnouri\/index.php\/wp-json\/wp\/v2\/media?parent=256"}],"wp:term":[{"taxonomy":"category","embeddable":true,"href":"https:\/\/san.uri.br\/tecnouri\/index.php\/wp-json\/wp\/v2\/categories?post=256"},{"taxonomy":"post_tag","embeddable":true,"href":"https:\/\/san.uri.br\/tecnouri\/index.php\/wp-json\/wp\/v2\/tags?post=256"}],"curies":[{"name":"wp","href":"https:\/\/api.w.org\/{rel}","templated":true}]}}