{"id":84,"date":"2017-06-27T20:44:13","date_gmt":"2017-06-27T23:44:13","guid":{"rendered":"https:\/\/san.uri.br\/sites\/corede\/?p=84"},"modified":"2017-06-27T20:44:13","modified_gmt":"2017-06-27T23:44:13","slug":"corede-missoes-realiza-as-audiencias-publicas-municipais-da-consulta-popular","status":"publish","type":"post","link":"https:\/\/san.uri.br\/sites\/corede\/index.php\/2017\/06\/27\/corede-missoes-realiza-as-audiencias-publicas-municipais-da-consulta-popular\/","title":{"rendered":"COREDE Miss\u00f5es realiza as Audi\u00eancias P\u00fablicas Municipais da Consulta Popular"},"content":{"rendered":"<p>O COREDE Miss\u00f5es realiza, at\u00e9 dia 30 de junho, as 25 Audi\u00eancias P\u00fablicas Municipais para defini\u00e7\u00e3o das demandas priorit\u00e1rias dos munic\u00edpios da regi\u00e3o. Nas audi\u00eancias tamb\u00e9<img decoding=\"async\" loading=\"lazy\" class=\"size-medium wp-image-85 alignright\" src=\"https:\/\/san.uri.br\/sites\/corede\/wp-content\/uploads\/2017\/06\/01-Lourega-300x200.jpg\" alt=\"\" width=\"300\" height=\"200\" \/>m s\u00e3o escolhidos os delegados que participar\u00e3o do F\u00f3rum Regional do COREDE, bem como as Comiss\u00f5es Municipais de coordena\u00e7\u00e3o da Consulta Popular.<\/p>\n<p>Conforme explica o presidente do COREDE Miss\u00f5es, Jos\u00e9 Cl\u00e1udio Lourega Reis, podem ser escolhidas demandas nas \u00e1reas de Minas e Energia, Turismo, Esporte e Lazer, \u00a0Agricultura e Pecu\u00e1ria, Desenvolvimento Rural e Cooperativismo e Desenvolvimento Econ\u00f4mico, Ci\u00eancia e Tecnologia. A c\u00e9dula de vota\u00e7\u00e3o da Consulta Popular ser\u00e1 conclu\u00edda durante F\u00f3rum Regional, que acontece no dia 5 de julho, no pr\u00e9dio 05 do Campus da URI Santo \u00c2ngelo. No F\u00f3rum, os delegados de cada munic\u00edpio votam as 6 prioridades que constar\u00e3o na c\u00e9dula da Consulta Popular, que define o destino de R$ 2.371.571,57 do or\u00e7amento estadual para 2018.<\/p>\n<div class=\"wonderpluginslider-container\" id=\"wonderpluginslider-container-1\" style=\"max-width:300px;margin:0 auto;padding-left:0px;padding-right:0px;padding-top:0px;padding-bottom:0px;\"><div class=\"wonderpluginslider\" id=\"wonderpluginslider-1\" data-sliderid=\"1\" data-width=\"300\" data-height=\"200\" data-skin=\"numbering\" data-autoplay=\"true\" data-randomplay=\"false\" data-loadimageondemand=\"false\" data-autoplayvideo=\"false\" data-isresponsive=\"true\" data-fullwidth=\"false\" data-isfullscreen=\"false\" data-showtext=\"true\" data-showtimer=\"true\" data-showbottomshadow=\"true\" data-navshowpreview=\"true\" data-textautohide=\"true\" data-lightboxresponsive=\"true\" data-lightboxshownavigation=\"false\" data-lightboxshowtitle=\"true\" data-lightboxshowdescription=\"false\" data-scalemode=\"fill\" data-arrowstyle=\"always\" data-transition=\"slice\" data-loop=\"0\" data-border=\"0\" data-slideinterval=\"8000\" data-arrowimage=\"arrows-48-48-0.png\" data-arrowwidth=\"48\" data-arrowheight=\"48\" data-arrowtop=\"50\" data-arrowmargin=\"-48\" data-navimage=\"bullet-24-24-0.png\" data-navwidth=\"28\" data-navheight=\"28\" data-navspacing=\"4\" data-navmarginx=\"16\" data-navmarginy=\"16\" data-playvideoimage=\"playvideo-64-64-0.png\" data-playvideoimagewidth=\"64\" data-playvideoimageheight=\"64\" data-lightboxthumbwidth=\"90\" data-lightboxthumbheight=\"60\" data-lightboxthumbtopmargin=\"12\" data-lightboxthumbbottommargin=\"4\" data-lightboxbarheight=\"64\" data-lightboxtitlebottomcss=\"{color:#333; font-size:14px; font-family:Armata,sans-serif,Arial; overflow:hidden; text-align:left;}\" data-lightboxdescriptionbottomcss=\"{color:#333; font-size:12px; font-family:Arial,Helvetica,sans-serif; overflow:hidden; text-align:left; margin:4px 0px 0px; padding: 0px;}\" data-textformat=\"Navy box\" data-textpositionstatic=\"bottom\" data-textpositiondynamic=\"bottomleft\" data-paddingleft=\"0\" data-paddingright=\"0\" data-paddingtop=\"0\" data-paddingbottom=\"0\" data-textcss=\"display:block; padding:8px 16px; text-align:left;\" data-textbgcss=\"display:none;\" data-titlecss=\"display:table; position:relative; font:16px &quot;Lucida Sans Unicode&quot;,&quot;Lucida Grande&quot;,sans-serif,Arial; color:#fff; white-space:nowrap; background-color:#334455; padding:10px;\" data-descriptioncss=\"display:block; position:relative; font:14px &quot;Lucida Sans Unicode&quot;,&quot;Lucida Grande&quot;,sans-serif,Arial; color:#fff;  background-color:#f7a020; margin-top:10px; padding:10px;\" data-jsfolder=\"https:\/\/san.uri.br\/sites\/corede\/wp-content\/plugins\/wonderplugin-slider\/engine\/\" style=\"display:none;\" ><ul class=\"amazingslider-slides\" style=\"display:none;\"><li><a href=\"https:\/\/san.uri.br\/sites\/corede\/wp-content\/uploads\/2017\/06\/06-Mato-Queimado-300x205.jpg\" target=\"_blank\"><img src=\"https:\/\/san.uri.br\/sites\/corede\/wp-content\/uploads\/2017\/06\/06-Mato-Queimado-300x205.jpg\" alt=\"\" data-description=\"\" \/><\/a><\/li><li><a href=\"https:\/\/san.uri.br\/sites\/corede\/wp-content\/uploads\/2017\/06\/01-Ubiretama-300x200.jpg\" target=\"_blank\"><img src=\"https:\/\/san.uri.br\/sites\/corede\/wp-content\/uploads\/2017\/06\/01-Ubiretama-300x200.jpg\" alt=\"\" data-description=\"\" \/><\/a><\/li><li><a href=\"https:\/\/san.uri.br\/sites\/corede\/wp-content\/uploads\/2017\/06\/02-S\u00e3o-Paulo-das-Miss\u00f5es-300x200.jpg\" target=\"_blank\"><img src=\"https:\/\/san.uri.br\/sites\/corede\/wp-content\/uploads\/2017\/06\/02-S\u00e3o-Paulo-das-Miss\u00f5es-300x200.jpg\" alt=\"\" data-description=\"\" \/><\/a><\/li><li><a href=\"https:\/\/san.uri.br\/sites\/corede\/wp-content\/uploads\/2017\/06\/04-Santo-\u00c2ngelo-300x200.jpg\" target=\"_blank\"><img src=\"https:\/\/san.uri.br\/sites\/corede\/wp-content\/uploads\/2017\/06\/04-Santo-\u00c2ngelo-300x200.jpg\" alt=\"\" data-description=\"\" \/><\/a><\/li><li><a href=\"https:\/\/san.uri.br\/sites\/corede\/wp-content\/uploads\/2017\/06\/05-Rolador-300x205.jpg\" target=\"_balnk\"><img src=\"https:\/\/san.uri.br\/sites\/corede\/wp-content\/uploads\/2017\/06\/05-Rolador-300x205.jpg\" alt=\"\" data-description=\"\" \/><\/a><\/li><li><a href=\"https:\/\/san.uri.br\/sites\/corede\/wp-content\/uploads\/2017\/06\/07-Dezesseis-de-Novembro-300x200.jpg\" target=\"_blank\"><img src=\"https:\/\/san.uri.br\/sites\/corede\/wp-content\/uploads\/2017\/06\/07-Dezesseis-de-Novembro-300x200.jpg\" alt=\"\" data-description=\"\" \/><\/a><\/li><li><a href=\"https:\/\/san.uri.br\/sites\/corede\/wp-content\/uploads\/2017\/06\/08-Cerro-Largo-300x200.jpg\" target=\"_blank\"><img src=\"https:\/\/san.uri.br\/sites\/corede\/wp-content\/uploads\/2017\/06\/08-Cerro-Largo-300x200.jpg\" alt=\"\" data-description=\"\" \/><\/a><\/li><li><a href=\"https:\/\/san.uri.br\/sites\/corede\/wp-content\/uploads\/2017\/06\/03-Santo-Ant\u00f4nio-das-Miss\u00f5es-300x225.jpg\" target=\"_blank\"><img src=\"https:\/\/san.uri.br\/sites\/corede\/wp-content\/uploads\/2017\/06\/03-Santo-Ant\u00f4nio-das-Miss\u00f5es-300x225.jpg\" alt=\"\" data-description=\"\" \/><\/a><\/li><\/ul><ul class=\"amazingslider-thumbnails\" style=\"display:none;\"><li><img src=\"https:\/\/san.uri.br\/sites\/corede\/wp-content\/uploads\/2017\/06\/06-Mato-Queimado-300x205.jpg\" alt=\"\" title=\"\" \/><\/li><li><img src=\"https:\/\/san.uri.br\/sites\/corede\/wp-content\/uploads\/2017\/06\/01-Ubiretama-300x200.jpg\" alt=\"\" title=\"\" \/><\/li><li><img src=\"https:\/\/san.uri.br\/sites\/corede\/wp-content\/uploads\/2017\/06\/02-S\u00e3o-Paulo-das-Miss\u00f5es-300x200.jpg\" alt=\"\" title=\"\" \/><\/li><li><img src=\"https:\/\/san.uri.br\/sites\/corede\/wp-content\/uploads\/2017\/06\/04-Santo-\u00c2ngelo-300x200.jpg\" alt=\"\" title=\"\" \/><\/li><li><img src=\"https:\/\/san.uri.br\/sites\/corede\/wp-content\/uploads\/2017\/06\/05-Rolador-300x205.jpg\" alt=\"\" title=\"\" \/><\/li><li><img src=\"https:\/\/san.uri.br\/sites\/corede\/wp-content\/uploads\/2017\/06\/07-Dezesseis-de-Novembro-300x200.jpg\" alt=\"\" title=\"\" \/><\/li><li><img src=\"https:\/\/san.uri.br\/sites\/corede\/wp-content\/uploads\/2017\/06\/08-Cerro-Largo-300x200.jpg\" alt=\"\" title=\"\" \/><\/li><li><img src=\"https:\/\/san.uri.br\/sites\/corede\/wp-content\/uploads\/2017\/06\/03-Santo-Ant\u00f4nio-das-Miss\u00f5es-300x225.jpg\" alt=\"\" title=\"\" \/><\/li><\/ul><div class=\"wonderplugin-engine\"><a href=\"http:\/\/www.wonderplugin.com\/wordpress-slider\/\" title=\"WordPress Slideshow\">WordPress Slideshow<\/a><\/div><\/div><\/div>\n<p>&nbsp;<\/p>\n<p>&nbsp;<\/p>\n<p>&nbsp;<\/p>\n","protected":false},"excerpt":{"rendered":"<p>O COREDE Miss\u00f5es realiza, at\u00e9 dia 30 de junho, as 25 Audi\u00eancias P\u00fablicas Municipais para defini\u00e7\u00e3o das demandas priorit\u00e1rias dos munic\u00edpios da regi\u00e3o. Nas audi\u00eancias tamb\u00e9m s\u00e3o escolhidos os delegados que participar\u00e3o do F\u00f3rum Regional do COREDE, bem como as Comiss\u00f5es Municipais de coordena\u00e7\u00e3o da Consulta Popular. Conforme explica o presidente do COREDE Miss\u00f5es, Jos\u00e9 [&hellip;]<\/p>\n","protected":false},"author":1,"featured_media":0,"comment_status":"closed","ping_status":"closed","sticky":false,"template":"","format":"standard","meta":[],"categories":[5],"tags":[],"_links":{"self":[{"href":"https:\/\/san.uri.br\/sites\/corede\/index.php\/wp-json\/wp\/v2\/posts\/84"}],"collection":[{"href":"https:\/\/san.uri.br\/sites\/corede\/index.php\/wp-json\/wp\/v2\/posts"}],"about":[{"href":"https:\/\/san.uri.br\/sites\/corede\/index.php\/wp-json\/wp\/v2\/types\/post"}],"author":[{"embeddable":true,"href":"https:\/\/san.uri.br\/sites\/corede\/index.php\/wp-json\/wp\/v2\/users\/1"}],"replies":[{"embeddable":true,"href":"https:\/\/san.uri.br\/sites\/corede\/index.php\/wp-json\/wp\/v2\/comments?post=84"}],"version-history":[{"count":0,"href":"https:\/\/san.uri.br\/sites\/corede\/index.php\/wp-json\/wp\/v2\/posts\/84\/revisions"}],"wp:attachment":[{"href":"https:\/\/san.uri.br\/sites\/corede\/index.php\/wp-json\/wp\/v2\/media?parent=84"}],"wp:term":[{"taxonomy":"category","embeddable":true,"href":"https:\/\/san.uri.br\/sites\/corede\/index.php\/wp-json\/wp\/v2\/categories?post=84"},{"taxonomy":"post_tag","embeddable":true,"href":"https:\/\/san.uri.br\/sites\/corede\/index.php\/wp-json\/wp\/v2\/tags?post=84"}],"curies":[{"name":"wp","href":"https:\/\/api.w.org\/{rel}","templated":true}]}}