{"id":253,"date":"2024-06-07T19:01:45","date_gmt":"2024-06-07T22:01:45","guid":{"rendered":"https:\/\/san.uri.br\/sites\/corede\/?p=253"},"modified":"2024-06-25T21:37:13","modified_gmt":"2024-06-26T00:37:13","slug":"diretoria-do-corede-missoes-define-data-para-realizar-seminario-regional","status":"publish","type":"post","link":"https:\/\/san.uri.br\/sites\/corede\/index.php\/2024\/06\/07\/diretoria-do-corede-missoes-define-data-para-realizar-seminario-regional\/","title":{"rendered":"Diretoria do COREDE Miss\u00f5es define data para realizar Semin\u00e1rio Regional"},"content":{"rendered":"\n<p>A Dire\u00e7\u00e3o do Corede Miss\u00f5es reuniu-se nessa semana (05\/06\/24) no TecnoURI Miss\u00f5es para planejar a\u00e7\u00f5es e avaliar o trabalho realizado nesse primeiro ano de mandato da atual diretoria. Durante o encontro, foi definido o Semin\u00e1rio Regional de Desenvolvimento das Miss\u00f5es, onde ser\u00e1 apresentado o Plano Estrat\u00e9gico de Desenvolvimento (PED) 2022-2030. O evento contar\u00e1 com a participa\u00e7\u00e3o da URI, COREDE, ALM, AMM, entidades empresariais e sociedade civil organizada, e ocorrer\u00e1 no dia 9 de agosto, \u00e0s 14h na sede da AMM em Cerro Largo.<\/p>\n\n\n\n<p>A reuni\u00e3o tamb\u00e9m destacou a import\u00e2ncia do Corede nas pautas regionais, como aeroporto, sa\u00fade, educa\u00e7\u00e3o e turismo. Al\u00e9m disso, ficou acertado uma discu\u00e7\u00e3o com representantes do COREDE Fronteira Noroeste para discutir quest\u00f5es do constru\u00e7\u00e3o da Rodovia Costeira, interligando munic\u00edpios que margeiam o rio Uruguai, a partir do munic\u00edpio de Dr. Maur\u00edcio Cardoso at\u00e9 o munic\u00edpio de S\u00e3o Borja.<\/p>\n\n\n\n<p>Ainda, foi comentado sobre o Semin\u00e1rio de Turismo, que a AMM pretende realizar no segundo semestre, e ter\u00e1 o apoio do Corede, visando fomentar o desenvolvimento do setor na regi\u00e3o. Este evento, ainda em fase de planejamento, buscar\u00e1 envolver representantes de diversos segmentos para discutir estrat\u00e9gias e iniciativas que possam fortalecer o turismo local, promovendo as riquezas culturais e naturais das Miss\u00f5es.<\/p>\n\n\n\n<p>Participaram da reuni\u00e3o no TecnoURI Miss\u00f5es os seguintes membros da dire\u00e7\u00e3o: Presidente Nara Dami\u00e3o, 1\u00ba Vice-presidente Romulo Madrid de Mello, 2\u00ba Vice-presidente Prefeito Amauri Pires de Silva, 1\u00aa Secret\u00e1ria Isabel Cristina Ribas de Freitas, 1\u00ba Tesoureiro Oldemar Fenner e 2\u00ba Tesoureiro Jos\u00e9 Cl\u00e1udio Lourega.<\/p>\n\n\n\n<figure class=\"wp-block-image size-large\"><img decoding=\"async\" src=\"https:\/\/san.uri.br\/sites\/corede\/wp-content\/uploads\/2024\/06\/WhatsApp-Image-2024-06-06-at-14.47.11.jpeg\" alt=\"\"\/><\/figure>\n","protected":false},"excerpt":{"rendered":"<p>A Dire\u00e7\u00e3o do Corede Miss\u00f5es reuniu-se nessa semana (05\/06\/24) no TecnoURI Miss\u00f5es para planejar a\u00e7\u00f5es e avaliar o trabalho realizado nesse primeiro ano de mandato da atual diretoria. Durante o encontro, foi definido o Semin\u00e1rio Regional de Desenvolvimento das Miss\u00f5es, onde ser\u00e1 apresentado o Plano Estrat\u00e9gico de Desenvolvimento (PED) 2022-2030. O evento contar\u00e1 com a [&hellip;]<\/p>\n","protected":false},"author":2,"featured_media":0,"comment_status":"closed","ping_status":"closed","sticky":false,"template":"","format":"standard","meta":[],"categories":[5],"tags":[],"_links":{"self":[{"href":"https:\/\/san.uri.br\/sites\/corede\/index.php\/wp-json\/wp\/v2\/posts\/253"}],"collection":[{"href":"https:\/\/san.uri.br\/sites\/corede\/index.php\/wp-json\/wp\/v2\/posts"}],"about":[{"href":"https:\/\/san.uri.br\/sites\/corede\/index.php\/wp-json\/wp\/v2\/types\/post"}],"author":[{"embeddable":true,"href":"https:\/\/san.uri.br\/sites\/corede\/index.php\/wp-json\/wp\/v2\/users\/2"}],"replies":[{"embeddable":true,"href":"https:\/\/san.uri.br\/sites\/corede\/index.php\/wp-json\/wp\/v2\/comments?post=253"}],"version-history":[{"count":1,"href":"https:\/\/san.uri.br\/sites\/corede\/index.php\/wp-json\/wp\/v2\/posts\/253\/revisions"}],"predecessor-version":[{"id":257,"href":"https:\/\/san.uri.br\/sites\/corede\/index.php\/wp-json\/wp\/v2\/posts\/253\/revisions\/257"}],"wp:attachment":[{"href":"https:\/\/san.uri.br\/sites\/corede\/index.php\/wp-json\/wp\/v2\/media?parent=253"}],"wp:term":[{"taxonomy":"category","embeddable":true,"href":"https:\/\/san.uri.br\/sites\/corede\/index.php\/wp-json\/wp\/v2\/categories?post=253"},{"taxonomy":"post_tag","embeddable":true,"href":"https:\/\/san.uri.br\/sites\/corede\/index.php\/wp-json\/wp\/v2\/tags?post=253"}],"curies":[{"name":"wp","href":"https:\/\/api.w.org\/{rel}","templated":true}]}}