{"id":227,"date":"2023-05-31T19:56:35","date_gmt":"2023-05-31T22:56:35","guid":{"rendered":"https:\/\/san.uri.br\/sites\/corede\/?p=227"},"modified":"2023-05-31T19:56:35","modified_gmt":"2023-05-31T22:56:35","slug":"coredemissoes-elege-nova-diretoria","status":"publish","type":"post","link":"https:\/\/san.uri.br\/sites\/corede\/index.php\/2023\/05\/31\/coredemissoes-elege-nova-diretoria\/","title":{"rendered":"COREDE\/MISS\u00d5ES ELEGE NOVA DIRETORIA"},"content":{"rendered":"<p>O Parque Cient\u00edfico e Tecnol\u00f3gico das Miss\u00f5es \u2013 TecnoURI, foi sede nesta ter\u00e7a-feira, dia 30, da Assembleia Regional do Conselho Regional de Desenvolvimento das Miss\u00f5es.<img decoding=\"async\" src=\"https:\/\/san.uri.br\/sites\/site_novo\/wp-content\/uploads\/2023\/05\/e185dc33-d1f3-4ac7-b4a7-0a961a127b66-1080x720.jpg\" width=\"550\" \/><\/p>\n<p>&nbsp;<\/p>\n<p>Ap\u00f3s avalia\u00e7\u00e3o do trabalho desenvolvido pelo ex-presidente Odelmar Fenner, que aproveitou sua presta\u00e7\u00e3o de contas para agradecer o apoio recebido de prefeitos, vereadores, entidades empresariais e da URI Santo \u00c2ngelo, foi eleita a nova diretoria.<\/p>\n<p><img decoding=\"async\" src=\"https:\/\/san.uri.br\/sites\/site_novo\/wp-content\/uploads\/2023\/05\/ef937d13-c993-4f5c-8d5a-48154cba80a4-300x175.jpg\" \/><\/p>\n<p>&nbsp;<\/p>\n<p>A nova diretoria do COREDE\/Miss\u00f5es, cuja posse, aconteceu durante a Assembleia, cumprir\u00e1 um mandato para o bi\u00eanio de 2023 at\u00e9 2025.<\/p>\n<p>Como presidente foi eleita, Nara Dami\u00e3o; 1\u00ba Vice-Presidente R\u00f4mulo Madrid de Mello e 2\u00ba Vice-Presidente Amauri Pires da Silva.<\/p>\n<p>A 1\u00aa Secret\u00e1ria \u00e9 Iz\u00e1bel Cristina Ribas de Freitas; 2\u00aa Secret\u00e1ria Luiza Caterine Santos Panegalli; 1\u00ba Tesoureiro Odelmar Fenner e 2\u00ba Tesoureiro Jos\u00e9 Claudio Lourega dos Reis.<\/p>\n<p>A Diretora-Geral da URI Santo \u00c2ngelo, Berenice Wbatuba, participou da Assembleia, mencionando que a Universidade \u00e9 parceira em todas as a\u00e7\u00f5es do Corede\/Miss\u00f5es, cumprindo com sua miss\u00e3o de desenvolver pessoas e geral a\u00e7\u00f5es empreendedoras e inovadoras.<\/p>\n<p><img decoding=\"async\" src=\"https:\/\/san.uri.br\/sites\/site_novo\/wp-content\/uploads\/2023\/05\/788b6291-04ff-4632-a783-8a046119a13b-300x196.jpg\" \/><\/p>\n","protected":false},"excerpt":{"rendered":"<p>O Parque Cient\u00edfico e Tecnol\u00f3gico das Miss\u00f5es \u2013 TecnoURI, foi sede nesta ter\u00e7a-feira, dia 30, da Assembleia Regional do Conselho Regional de Desenvolvimento das Miss\u00f5es. &nbsp; Ap\u00f3s avalia\u00e7\u00e3o do trabalho desenvolvido pelo ex-presidente Odelmar Fenner, que aproveitou sua presta\u00e7\u00e3o de contas para agradecer o apoio recebido de prefeitos, vereadores, entidades empresariais e da URI Santo [&hellip;]<\/p>\n","protected":false},"author":2,"featured_media":0,"comment_status":"closed","ping_status":"closed","sticky":false,"template":"","format":"standard","meta":[],"categories":[5],"tags":[],"_links":{"self":[{"href":"https:\/\/san.uri.br\/sites\/corede\/index.php\/wp-json\/wp\/v2\/posts\/227"}],"collection":[{"href":"https:\/\/san.uri.br\/sites\/corede\/index.php\/wp-json\/wp\/v2\/posts"}],"about":[{"href":"https:\/\/san.uri.br\/sites\/corede\/index.php\/wp-json\/wp\/v2\/types\/post"}],"author":[{"embeddable":true,"href":"https:\/\/san.uri.br\/sites\/corede\/index.php\/wp-json\/wp\/v2\/users\/2"}],"replies":[{"embeddable":true,"href":"https:\/\/san.uri.br\/sites\/corede\/index.php\/wp-json\/wp\/v2\/comments?post=227"}],"version-history":[{"count":0,"href":"https:\/\/san.uri.br\/sites\/corede\/index.php\/wp-json\/wp\/v2\/posts\/227\/revisions"}],"wp:attachment":[{"href":"https:\/\/san.uri.br\/sites\/corede\/index.php\/wp-json\/wp\/v2\/media?parent=227"}],"wp:term":[{"taxonomy":"category","embeddable":true,"href":"https:\/\/san.uri.br\/sites\/corede\/index.php\/wp-json\/wp\/v2\/categories?post=227"},{"taxonomy":"post_tag","embeddable":true,"href":"https:\/\/san.uri.br\/sites\/corede\/index.php\/wp-json\/wp\/v2\/tags?post=227"}],"curies":[{"name":"wp","href":"https:\/\/api.w.org\/{rel}","templated":true}]}}