{"id":203,"date":"2018-05-10T20:33:01","date_gmt":"2018-05-10T23:33:01","guid":{"rendered":"https:\/\/san.uri.br\/sites\/corede\/?p=203"},"modified":"2018-05-10T20:33:01","modified_gmt":"2018-05-10T23:33:01","slug":"regiao-define-prioridades-que-serao-votadas-na-consulta-popular","status":"publish","type":"post","link":"https:\/\/san.uri.br\/sites\/corede\/index.php\/2018\/05\/10\/regiao-define-prioridades-que-serao-votadas-na-consulta-popular\/","title":{"rendered":"Regi\u00e3o define prioridades que ser\u00e3o votadas na Consulta Popular"},"content":{"rendered":"<p>O Corede Miss\u00f5es definiu, em assembleia realizada na ter\u00e7a-feira (8), na URI Santo \u00c2ngelo, os detalhes da c\u00e9dula de vota\u00e7\u00e3o das prioridades para a Consulta Popular 2018. A assembleia regional foi realizada ap\u00f3s a conclus\u00e3o de 25 reuni\u00f5es municipais, em cada um dos munic\u00edpios da regi\u00e3o do Corede, realizadas no per\u00edodo de 10 de abril a 4 de maio, num total de 1800 participantes.<\/p>\n<p>Os eleitores dos 25 munic\u00edpios da regi\u00e3o missioneira dever\u00e3o escolher tr\u00eas, dentre seis prioridades definidas para a distribui\u00e7\u00e3o de R$ 3.178.878, 37, recursos oriundos do go<img decoding=\"async\" loading=\"lazy\" class=\"size-medium wp-image-204 alignright\" src=\"https:\/\/san.uri.br\/sites\/corede\/wp-content\/uploads\/2018\/05\/DSC_0030-300x199.jpg\" alt=\"\" width=\"300\" height=\"199\" \/>verno estadual: SSP \u2013 Reaparelhamento dos \u00f3rg\u00e3os de seguran\u00e7a; SDR \u2013 Apoio ao desenvolvimento da agricultura familiar; SES \u2013 Sa\u00fade da fam\u00edlia PPC \u2013 aquisi\u00e7\u00e3o de ve\u00edculo; SEDUC \u2013 Implementa\u00e7\u00e3o de espa\u00e7os pedag\u00f3gicos que favorecem a aprendizagem; SOP \u2013 Apoio \u00e0 recupera\u00e7\u00e3o de estrada vicinais; SEAPI \u2013 Manejo e conserva\u00e7\u00e3o do solo. O valor total ser\u00e1 distribu\u00eddo entre as tr\u00eas propostas mais votadas, sendo 40% para a 1\u00aa proposta, e 30% para a 2\u00aa e 3\u00aa.<\/p>\n<p>A vota\u00e7\u00e3o da Consulta Popular acontece nos dias 26, 27 e 28 de junho. Os eleitores poder\u00e3o votar no site <a href=\"http:\/\/www.consultapopular.rs.gov.br\">www.consultapopular.rs.gov.br<\/a> ou presencialmente, com urnas em alguns pontos das cidades e atrav\u00e9s de aplicativo no smartphone ou tablet, gerenciado por uma equipe autorizada pelos Comudes.<\/p>\n<p><img decoding=\"async\" loading=\"lazy\" class=\"alignnone  wp-image-205\" src=\"https:\/\/san.uri.br\/sites\/corede\/wp-content\/uploads\/2018\/05\/32170000_1791646147580648_4664356022716989440_n-1-300x217.jpg\" alt=\"\" width=\"521\" height=\"377\" \/><\/p>\n","protected":false},"excerpt":{"rendered":"<p>O Corede Miss\u00f5es definiu, em assembleia realizada na ter\u00e7a-feira (8), na URI Santo \u00c2ngelo, os detalhes da c\u00e9dula de vota\u00e7\u00e3o das prioridades para a Consulta Popular 2018. A assembleia regional foi realizada ap\u00f3s a conclus\u00e3o de 25 reuni\u00f5es municipais, em cada um dos munic\u00edpios da regi\u00e3o do Corede, realizadas no per\u00edodo de 10 de abril [&hellip;]<\/p>\n","protected":false},"author":1,"featured_media":0,"comment_status":"closed","ping_status":"closed","sticky":false,"template":"","format":"standard","meta":[],"categories":[5],"tags":[],"_links":{"self":[{"href":"https:\/\/san.uri.br\/sites\/corede\/index.php\/wp-json\/wp\/v2\/posts\/203"}],"collection":[{"href":"https:\/\/san.uri.br\/sites\/corede\/index.php\/wp-json\/wp\/v2\/posts"}],"about":[{"href":"https:\/\/san.uri.br\/sites\/corede\/index.php\/wp-json\/wp\/v2\/types\/post"}],"author":[{"embeddable":true,"href":"https:\/\/san.uri.br\/sites\/corede\/index.php\/wp-json\/wp\/v2\/users\/1"}],"replies":[{"embeddable":true,"href":"https:\/\/san.uri.br\/sites\/corede\/index.php\/wp-json\/wp\/v2\/comments?post=203"}],"version-history":[{"count":0,"href":"https:\/\/san.uri.br\/sites\/corede\/index.php\/wp-json\/wp\/v2\/posts\/203\/revisions"}],"wp:attachment":[{"href":"https:\/\/san.uri.br\/sites\/corede\/index.php\/wp-json\/wp\/v2\/media?parent=203"}],"wp:term":[{"taxonomy":"category","embeddable":true,"href":"https:\/\/san.uri.br\/sites\/corede\/index.php\/wp-json\/wp\/v2\/categories?post=203"},{"taxonomy":"post_tag","embeddable":true,"href":"https:\/\/san.uri.br\/sites\/corede\/index.php\/wp-json\/wp\/v2\/tags?post=203"}],"curies":[{"name":"wp","href":"https:\/\/api.w.org\/{rel}","templated":true}]}}