{"id":198,"date":"2017-12-11T08:57:42","date_gmt":"2017-12-11T10:57:42","guid":{"rendered":"https:\/\/san.uri.br\/sites\/corede\/?p=198"},"modified":"2017-12-11T08:57:42","modified_gmt":"2017-12-11T10:57:42","slug":"uri-sediou-assembleia-geral-ordinaria-do-corede-missoes","status":"publish","type":"post","link":"https:\/\/san.uri.br\/sites\/corede\/index.php\/2017\/12\/11\/uri-sediou-assembleia-geral-ordinaria-do-corede-missoes\/","title":{"rendered":"URI sediou assembleia geral ordin\u00e1ria do COREDE Miss\u00f5es"},"content":{"rendered":"<p>O audit\u00f3rio do Parque Tecnol\u00f3gico das Miss\u00f5es \u2013 TecnoURI, sediou na tarde de quinta-feira, 7, assembleia geral ordin\u00e1ria do COREDE Miss\u00f5es.<\/p>\n<p>A assembleia re\u00fane presidentes de Comudes, prefeitos, vice-prefeitos, vereadores, coordenadores de \u00f3rg\u00e3os\/entidades regionais.<\/p>\n<p>Ao lado de lideran\u00e7as locais e regionais, participaram da reuni\u00e3o o Diretor-Geral do C\u00e2mpus da URI, Gilberto Pacheco e o representante da Secretaria de Planejamento, Governan\u00e7a e Gest\u00e3o-SPGG do Rio Grande do Sul, Teonas Fabiano Baumhardt, tamb\u00e9m coordenador estadual da Participa\u00e7\u00e3o e Consulta Popular.<\/p>\n<p>De acordo com o presidente do COREDE Miss\u00f5es, Jos\u00e9 Claudio Lourega Reis, na oportunidade foi tratado sobre o relat\u00f3rio das atividades no COREDE Miss\u00f5es\/2017, Informes da diretoria, Plano Estrat\u00e9gico de Desenvolvimento dos projetos, informa\u00e7\u00f5es a respeito da Consulta Popular 2016\/2017, encaminhamento dos projetos da Consulta Popular 2017\/2018 e informa\u00e7\u00f5es preliminares sobre a Consulta Popular 2018\/2019.<\/p>\n<p><img decoding=\"async\" loading=\"lazy\" class=\"alignnone size-medium wp-image-199\" src=\"https:\/\/san.uri.br\/sites\/corede\/wp-content\/uploads\/2017\/12\/DSC_0064-300x199.jpg\" alt=\"\" width=\"300\" height=\"199\" \/> <img decoding=\"async\" loading=\"lazy\" class=\"alignnone size-medium wp-image-200\" src=\"https:\/\/san.uri.br\/sites\/corede\/wp-content\/uploads\/2017\/12\/DSC_0077-300x199.jpg\" alt=\"\" width=\"300\" height=\"199\" \/><\/p>\n","protected":false},"excerpt":{"rendered":"<p>O audit\u00f3rio do Parque Tecnol\u00f3gico das Miss\u00f5es \u2013 TecnoURI, sediou na tarde de quinta-feira, 7, assembleia geral ordin\u00e1ria do COREDE Miss\u00f5es. A assembleia re\u00fane presidentes de Comudes, prefeitos, vice-prefeitos, vereadores, coordenadores de \u00f3rg\u00e3os\/entidades regionais. Ao lado de lideran\u00e7as locais e regionais, participaram da reuni\u00e3o o Diretor-Geral do C\u00e2mpus da URI, Gilberto Pacheco e o representante [&hellip;]<\/p>\n","protected":false},"author":1,"featured_media":0,"comment_status":"closed","ping_status":"closed","sticky":false,"template":"","format":"standard","meta":[],"categories":[5],"tags":[],"_links":{"self":[{"href":"https:\/\/san.uri.br\/sites\/corede\/index.php\/wp-json\/wp\/v2\/posts\/198"}],"collection":[{"href":"https:\/\/san.uri.br\/sites\/corede\/index.php\/wp-json\/wp\/v2\/posts"}],"about":[{"href":"https:\/\/san.uri.br\/sites\/corede\/index.php\/wp-json\/wp\/v2\/types\/post"}],"author":[{"embeddable":true,"href":"https:\/\/san.uri.br\/sites\/corede\/index.php\/wp-json\/wp\/v2\/users\/1"}],"replies":[{"embeddable":true,"href":"https:\/\/san.uri.br\/sites\/corede\/index.php\/wp-json\/wp\/v2\/comments?post=198"}],"version-history":[{"count":0,"href":"https:\/\/san.uri.br\/sites\/corede\/index.php\/wp-json\/wp\/v2\/posts\/198\/revisions"}],"wp:attachment":[{"href":"https:\/\/san.uri.br\/sites\/corede\/index.php\/wp-json\/wp\/v2\/media?parent=198"}],"wp:term":[{"taxonomy":"category","embeddable":true,"href":"https:\/\/san.uri.br\/sites\/corede\/index.php\/wp-json\/wp\/v2\/categories?post=198"},{"taxonomy":"post_tag","embeddable":true,"href":"https:\/\/san.uri.br\/sites\/corede\/index.php\/wp-json\/wp\/v2\/tags?post=198"}],"curies":[{"name":"wp","href":"https:\/\/api.w.org\/{rel}","templated":true}]}}