{"id":194,"date":"2017-11-06T21:23:15","date_gmt":"2017-11-06T23:23:15","guid":{"rendered":"https:\/\/san.uri.br\/sites\/corede\/?p=194"},"modified":"2017-11-06T21:23:15","modified_gmt":"2017-11-06T23:23:15","slug":"presidente-do-corede-participa-de-reuniao-em-cerro-largo","status":"publish","type":"post","link":"https:\/\/san.uri.br\/sites\/corede\/index.php\/2017\/11\/06\/presidente-do-corede-participa-de-reuniao-em-cerro-largo\/","title":{"rendered":"Presidente do Corede participa de reuni\u00e3o em Cerro Largo"},"content":{"rendered":"<p>O presidente do Corede Miss\u00f5es, Jos\u00e9 Claudio Lourega dos Reis, participou, no dia 27 de outubro, de um encontro na UFFS \u2013 Universidade Federal da Fronteira Sul, em Cerro Largo. A atividade reuniu integrantes do N\u00facleo Regional de Integra\u00e7\u00e3o da Faixa de Fronteira do Rio Grande do Sul \u2013 N\u00facleo\/R, com o objetivo de trazer informa\u00e7\u00f5es sobre a situa\u00e7\u00e3o e andamento do processo de integra\u00e7\u00e3o e desenvolvimento da faixa de fronteira.<\/p>\n<p><img decoding=\"async\" loading=\"lazy\" class=\"size-medium wp-image-195 aligncenter\" src=\"https:\/\/san.uri.br\/sites\/corede\/wp-content\/uploads\/2017\/11\/prefeito-Garruchos-1-300x225.jpeg\" alt=\"\" width=\"300\" height=\"225\" \/><\/p>\n<p>Conforme ressalta o presidente do Corede Miss\u00f5es, foram destacados pontos importantes para a regi\u00e3o, como o turismo, a constru\u00e7\u00e3o da ponte internacional em Porto Xavier.<\/p>\n<p>O evento teve ainda participa\u00e7\u00e3o do Corede Fronteira Noroeste, al\u00e9m de prefeitos da regi\u00e3o.<\/p>\n","protected":false},"excerpt":{"rendered":"<p>O presidente do Corede Miss\u00f5es, Jos\u00e9 Claudio Lourega dos Reis, participou, no dia 27 de outubro, de um encontro na UFFS \u2013 Universidade Federal da Fronteira Sul, em Cerro Largo. A atividade reuniu integrantes do N\u00facleo Regional de Integra\u00e7\u00e3o da Faixa de Fronteira do Rio Grande do Sul \u2013 N\u00facleo\/R, com o objetivo de trazer [&hellip;]<\/p>\n","protected":false},"author":1,"featured_media":0,"comment_status":"closed","ping_status":"closed","sticky":false,"template":"","format":"standard","meta":[],"categories":[5],"tags":[],"_links":{"self":[{"href":"https:\/\/san.uri.br\/sites\/corede\/index.php\/wp-json\/wp\/v2\/posts\/194"}],"collection":[{"href":"https:\/\/san.uri.br\/sites\/corede\/index.php\/wp-json\/wp\/v2\/posts"}],"about":[{"href":"https:\/\/san.uri.br\/sites\/corede\/index.php\/wp-json\/wp\/v2\/types\/post"}],"author":[{"embeddable":true,"href":"https:\/\/san.uri.br\/sites\/corede\/index.php\/wp-json\/wp\/v2\/users\/1"}],"replies":[{"embeddable":true,"href":"https:\/\/san.uri.br\/sites\/corede\/index.php\/wp-json\/wp\/v2\/comments?post=194"}],"version-history":[{"count":0,"href":"https:\/\/san.uri.br\/sites\/corede\/index.php\/wp-json\/wp\/v2\/posts\/194\/revisions"}],"wp:attachment":[{"href":"https:\/\/san.uri.br\/sites\/corede\/index.php\/wp-json\/wp\/v2\/media?parent=194"}],"wp:term":[{"taxonomy":"category","embeddable":true,"href":"https:\/\/san.uri.br\/sites\/corede\/index.php\/wp-json\/wp\/v2\/categories?post=194"},{"taxonomy":"post_tag","embeddable":true,"href":"https:\/\/san.uri.br\/sites\/corede\/index.php\/wp-json\/wp\/v2\/tags?post=194"}],"curies":[{"name":"wp","href":"https:\/\/api.w.org\/{rel}","templated":true}]}}