{"id":175,"date":"2017-10-17T15:36:42","date_gmt":"2017-10-17T17:36:42","guid":{"rendered":"https:\/\/san.uri.br\/sites\/corede\/?p=175"},"modified":"2017-10-17T15:36:42","modified_gmt":"2017-10-17T17:36:42","slug":"corede-missoes-participa-de-forum-regional-em-santa-rosa","status":"publish","type":"post","link":"https:\/\/san.uri.br\/sites\/corede\/index.php\/2017\/10\/17\/corede-missoes-participa-de-forum-regional-em-santa-rosa\/","title":{"rendered":"Corede Miss\u00f5es participa de F\u00f3rum Regional em Santa Rosa"},"content":{"rendered":"<p>Membros do Corede Miss\u00f5es participaram, no dia 10 de outubro, do F\u00f3rum Regional da Fecom\u00e9rcio\/RS. O evento foi realizado na sede do Sindilojas, e reuniu a diretoria da Fecom\u00e9rcio, empres\u00e1rios e sindicatos empresariais da regi\u00e3o e do estado.<\/p>\n<p>Durante as atividades, foi realizada uma explana\u00e7\u00e3o do Plano Estrat\u00e9gico de Desenvolvimento da Regi\u00e3o das Miss\u00f5es. Tamb\u00e9m foi realizada a entrega do plano, que prop\u00f5e a\u00e7\u00f5es at\u00e9 2030 para a regi\u00e3o. Durante a atividade, tamb\u00e9m foi realizada a entrega de um exemplar do plano ao presidente do Sindilojas Miss\u00f5es, Gilberto Aiolfi.<\/p>\n<p><img decoding=\"async\" loading=\"lazy\" class=\"alignnone size-medium wp-image-183\" src=\"https:\/\/san.uri.br\/sites\/corede\/wp-content\/uploads\/2017\/10\/22497028_1149209448513978_880017184_o-300x173.jpg\" alt=\"\" width=\"300\" height=\"173\" \/> <img decoding=\"async\" loading=\"lazy\" class=\"alignnone size-medium wp-image-184\" src=\"https:\/\/san.uri.br\/sites\/corede\/wp-content\/uploads\/2017\/10\/22497179_1149209401847316_896773642_o-300x195.jpg\" alt=\"\" width=\"300\" height=\"195\" \/> <img decoding=\"async\" loading=\"lazy\" class=\"alignnone size-medium wp-image-185\" src=\"https:\/\/san.uri.br\/sites\/corede\/wp-content\/uploads\/2017\/10\/22546783_1149209475180642_1340927304_o-300x152.jpg\" alt=\"\" width=\"300\" height=\"152\" \/> <img decoding=\"async\" loading=\"lazy\" class=\"alignnone size-medium wp-image-186\" src=\"https:\/\/san.uri.br\/sites\/corede\/wp-content\/uploads\/2017\/10\/22553771_1149209365180653_219279582_o-300x191.jpg\" alt=\"\" width=\"300\" height=\"191\" \/> <img decoding=\"async\" loading=\"lazy\" class=\"alignnone size-medium wp-image-187\" src=\"https:\/\/san.uri.br\/sites\/corede\/wp-content\/uploads\/2017\/10\/22553808_1149209498513973_1571303698_o-300x154.jpg\" alt=\"\" width=\"300\" height=\"154\" \/> <img decoding=\"async\" loading=\"lazy\" class=\"alignnone size-medium wp-image-188\" src=\"https:\/\/san.uri.br\/sites\/corede\/wp-content\/uploads\/2017\/10\/22555843_1149209425180647_1834536196_o-300x162.jpg\" alt=\"\" width=\"300\" height=\"162\" \/> <img decoding=\"async\" loading=\"lazy\" class=\"alignnone size-medium wp-image-189\" src=\"https:\/\/san.uri.br\/sites\/corede\/wp-content\/uploads\/2017\/10\/22561073_1149209528513970_1587282783_o-300x161.jpg\" alt=\"\" width=\"300\" height=\"161\" \/> <img decoding=\"async\" loading=\"lazy\" class=\"alignnone size-medium wp-image-190\" src=\"https:\/\/san.uri.br\/sites\/corede\/wp-content\/uploads\/2017\/10\/22641726_1149209331847323_1406573056_o-1-300x135.jpg\" alt=\"\" width=\"300\" height=\"135\" \/> <img decoding=\"async\" loading=\"lazy\" class=\"alignnone size-medium wp-image-191\" src=\"https:\/\/san.uri.br\/sites\/corede\/wp-content\/uploads\/2017\/10\/22641933_1149209451847311_1355554698_o-300x128.jpg\" alt=\"\" width=\"300\" height=\"128\" \/><\/p>\n<p>&nbsp;<\/p>\n","protected":false},"excerpt":{"rendered":"<p>Membros do Corede Miss\u00f5es participaram, no dia 10 de outubro, do F\u00f3rum Regional da Fecom\u00e9rcio\/RS. O evento foi realizado na sede do Sindilojas, e reuniu a diretoria da Fecom\u00e9rcio, empres\u00e1rios e sindicatos empresariais da regi\u00e3o e do estado. Durante as atividades, foi realizada uma explana\u00e7\u00e3o do Plano Estrat\u00e9gico de Desenvolvimento da Regi\u00e3o das Miss\u00f5es. Tamb\u00e9m [&hellip;]<\/p>\n","protected":false},"author":1,"featured_media":0,"comment_status":"closed","ping_status":"closed","sticky":false,"template":"","format":"standard","meta":[],"categories":[5],"tags":[],"_links":{"self":[{"href":"https:\/\/san.uri.br\/sites\/corede\/index.php\/wp-json\/wp\/v2\/posts\/175"}],"collection":[{"href":"https:\/\/san.uri.br\/sites\/corede\/index.php\/wp-json\/wp\/v2\/posts"}],"about":[{"href":"https:\/\/san.uri.br\/sites\/corede\/index.php\/wp-json\/wp\/v2\/types\/post"}],"author":[{"embeddable":true,"href":"https:\/\/san.uri.br\/sites\/corede\/index.php\/wp-json\/wp\/v2\/users\/1"}],"replies":[{"embeddable":true,"href":"https:\/\/san.uri.br\/sites\/corede\/index.php\/wp-json\/wp\/v2\/comments?post=175"}],"version-history":[{"count":0,"href":"https:\/\/san.uri.br\/sites\/corede\/index.php\/wp-json\/wp\/v2\/posts\/175\/revisions"}],"wp:attachment":[{"href":"https:\/\/san.uri.br\/sites\/corede\/index.php\/wp-json\/wp\/v2\/media?parent=175"}],"wp:term":[{"taxonomy":"category","embeddable":true,"href":"https:\/\/san.uri.br\/sites\/corede\/index.php\/wp-json\/wp\/v2\/categories?post=175"},{"taxonomy":"post_tag","embeddable":true,"href":"https:\/\/san.uri.br\/sites\/corede\/index.php\/wp-json\/wp\/v2\/tags?post=175"}],"curies":[{"name":"wp","href":"https:\/\/api.w.org\/{rel}","templated":true}]}}