{"id":169,"date":"2017-10-04T17:30:40","date_gmt":"2017-10-04T20:30:40","guid":{"rendered":"https:\/\/san.uri.br\/sites\/corede\/?p=169"},"modified":"2017-10-04T17:30:40","modified_gmt":"2017-10-04T20:30:40","slug":"corede-missoes-participa-de-reuniao-na-expo-sao-luiz","status":"publish","type":"post","link":"https:\/\/san.uri.br\/sites\/corede\/index.php\/2017\/10\/04\/corede-missoes-participa-de-reuniao-na-expo-sao-luiz\/","title":{"rendered":"Corede Miss\u00f5es participa de reuni\u00e3o na Expo S\u00e3o Luiz"},"content":{"rendered":"<p>O Corede Miss\u00f5es participou, no dia 29 de setembro, de reuni\u00e3o na AMM \u2013 Associa\u00e7\u00e3o dos Munic\u00edpios das Miss\u00f5es, durante a Expo S\u00e3o Luiz, em S\u00e3o Luiz Gonzaga.<\/p>\n<p>Durante a atividade, foi realizada a entrega, \u00e0s autoridades presentes, de um exemplar do Plano Estrat\u00e9gico de Desenvolvimento da Regi\u00e3o das Miss\u00f5es. O estudo apresenta algumas das atividades que podem ser desenvolvidas na regi\u00e3o at\u00e9 2030. A reuni\u00e3o teve participa\u00e7\u00e3o de prefeitos e presidentes dos Comudes da regi\u00e3o, al\u00e9m do chefe de gabinete da Secretaria Estadual de Agricultura, Pecu\u00e1ria e Irriga\u00e7\u00e3o, Jo\u00e3o Seibel e do secret\u00e1rio estadual de Transportes, Pedro Westphalen.<\/p>\n<p><img decoding=\"async\" loading=\"lazy\" class=\"alignnone size-medium wp-image-170\" src=\"https:\/\/san.uri.br\/sites\/corede\/wp-content\/uploads\/2017\/10\/22281156_1140460256055564_1671968774_o-300x225.jpg\" alt=\"\" width=\"300\" height=\"225\" \/> <img decoding=\"async\" loading=\"lazy\" class=\"alignnone size-medium wp-image-171\" src=\"https:\/\/san.uri.br\/sites\/corede\/wp-content\/uploads\/2017\/10\/22251024_1140460249388898_1877287423_o-300x225.jpg\" alt=\"\" width=\"300\" height=\"225\" \/> <img decoding=\"async\" loading=\"lazy\" class=\"alignnone size-medium wp-image-172\" src=\"https:\/\/san.uri.br\/sites\/corede\/wp-content\/uploads\/2017\/10\/22281252_1140460252722231_1358006820_o-225x300.jpg\" alt=\"\" width=\"225\" height=\"300\" \/><\/p>\n","protected":false},"excerpt":{"rendered":"<p>O Corede Miss\u00f5es participou, no dia 29 de setembro, de reuni\u00e3o na AMM \u2013 Associa\u00e7\u00e3o dos Munic\u00edpios das Miss\u00f5es, durante a Expo S\u00e3o Luiz, em S\u00e3o Luiz Gonzaga. Durante a atividade, foi realizada a entrega, \u00e0s autoridades presentes, de um exemplar do Plano Estrat\u00e9gico de Desenvolvimento da Regi\u00e3o das Miss\u00f5es. O estudo apresenta algumas das [&hellip;]<\/p>\n","protected":false},"author":1,"featured_media":0,"comment_status":"closed","ping_status":"closed","sticky":false,"template":"","format":"standard","meta":[],"categories":[5],"tags":[],"_links":{"self":[{"href":"https:\/\/san.uri.br\/sites\/corede\/index.php\/wp-json\/wp\/v2\/posts\/169"}],"collection":[{"href":"https:\/\/san.uri.br\/sites\/corede\/index.php\/wp-json\/wp\/v2\/posts"}],"about":[{"href":"https:\/\/san.uri.br\/sites\/corede\/index.php\/wp-json\/wp\/v2\/types\/post"}],"author":[{"embeddable":true,"href":"https:\/\/san.uri.br\/sites\/corede\/index.php\/wp-json\/wp\/v2\/users\/1"}],"replies":[{"embeddable":true,"href":"https:\/\/san.uri.br\/sites\/corede\/index.php\/wp-json\/wp\/v2\/comments?post=169"}],"version-history":[{"count":0,"href":"https:\/\/san.uri.br\/sites\/corede\/index.php\/wp-json\/wp\/v2\/posts\/169\/revisions"}],"wp:attachment":[{"href":"https:\/\/san.uri.br\/sites\/corede\/index.php\/wp-json\/wp\/v2\/media?parent=169"}],"wp:term":[{"taxonomy":"category","embeddable":true,"href":"https:\/\/san.uri.br\/sites\/corede\/index.php\/wp-json\/wp\/v2\/categories?post=169"},{"taxonomy":"post_tag","embeddable":true,"href":"https:\/\/san.uri.br\/sites\/corede\/index.php\/wp-json\/wp\/v2\/tags?post=169"}],"curies":[{"name":"wp","href":"https:\/\/api.w.org\/{rel}","templated":true}]}}