{"id":166,"date":"2017-08-21T14:46:40","date_gmt":"2017-08-21T17:46:40","guid":{"rendered":"https:\/\/san.uri.br\/sites\/corede\/?p=166"},"modified":"2023-07-06T21:45:32","modified_gmt":"2023-07-07T00:45:32","slug":"corede-apresenta-detalhes-do-resultado-da-consulta-popular-2017","status":"publish","type":"post","link":"https:\/\/san.uri.br\/sites\/corede\/index.php\/2017\/08\/21\/corede-apresenta-detalhes-do-resultado-da-consulta-popular-2017\/","title":{"rendered":"Corede apresenta detalhes do Resultado da Consulta Popular 2017"},"content":{"rendered":"<p>Foi realizada na manh\u00e3 desta quinta-feira (27) uma reuni\u00e3o para apresenta\u00e7\u00e3o dos resultados da Consulta Popular 2017. O encontro teve como objetivo apresentar a distribui\u00e7\u00e3o dos recursos que estar\u00e3o dispon\u00edveis a partir da vota\u00e7\u00e3o, bem como definir detalhes dos projetos nos munic\u00edpios.<\/p>\n<p>Foram aprovados os projetos: Fortalecimento da produ\u00e7\u00e3o de gr\u00e3os na regi\u00e3o das Miss\u00f5es, no valor de R$ 948.571,43, que ir\u00e1 contemplar 15 munic\u00edpios; Gest\u00e3o, governan\u00e7a e alternativas para agroindustrializa\u00e7\u00e3o da pecu\u00e1ria leiteira, no valor de R $ 711.428,57, que ir\u00e1 contemplar 10 munic\u00edpios; e o Projeto para sinaliza\u00e7\u00e3o tur\u00edstica na regi\u00e3o, no valor de R$ 711.428,57, abrangendo os 25 munic\u00edpios da regi\u00e3o do Corede Miss\u00f5es.<\/p>\n<p>O presidente do Corede Miss\u00f5es, Jos\u00e9 Claudio Lourega dos Reis conduziu os trabalhos para defini\u00e7\u00e3o dos detalhes para execu\u00e7\u00e3o dos projetos. No total, a regi\u00e3o teve 29.592 votos na Consulta Popular, com participa\u00e7\u00e3o de 15,34% dos eleitores da regi\u00e3o das Miss\u00f5es.<\/p>\n<p><a href=\"https:\/\/san.uri.br\/sites\/site_novo\/wp-content\/uploads\/2017\/08\/02.jpg\"><img decoding=\"async\" loading=\"lazy\" class=\"alignnone size-medium wp-image-13634\" src=\"https:\/\/san.uri.br\/sites\/site_novo\/wp-content\/uploads\/2017\/08\/02-300x200.jpg\" alt=\"\" width=\"300\" height=\"200\" \/><\/a><\/p>\n<p>Durante a reuni\u00e3o, tamb\u00e9m foi realizada a entrega de um exemplar do Plano Estrat\u00e9gico Regional para a Associa\u00e7\u00e3o dos Munic\u00edpios das Miss\u00f5es.<\/p>\n<p><a href=\"https:\/\/san.uri.br\/sites\/site_novo\/wp-content\/uploads\/2017\/08\/03.jpg\"><img decoding=\"async\" loading=\"lazy\" class=\"alignnone size-medium wp-image-13638\" src=\"https:\/\/san.uri.br\/sites\/site_novo\/wp-content\/uploads\/2017\/08\/03-300x200.jpg\" alt=\"\" width=\"300\" height=\"200\" \/><\/a><\/p>\n<p>Para o coordenador estadual da Consulta Popular, Teonas Baumhardt, houve uma mudan\u00e7a no padr\u00e3o de vota\u00e7\u00e3o e a comunidade regional passou a optar mais por \u00e1reas estrat\u00e9gicas como desenvolvimento rural e turismo, diferente dos resultados de outros anos, que focavam em sa\u00fade e seguran\u00e7a p\u00fablica.<\/p>\n<p><a href=\"https:\/\/san.uri.br\/sites\/site_novo\/wp-content\/uploads\/2017\/08\/01.jpg\"><img decoding=\"async\" loading=\"lazy\" class=\"alignnone size-medium wp-image-13635\" src=\"https:\/\/san.uri.br\/sites\/site_novo\/wp-content\/uploads\/2017\/08\/01-300x200.jpg\" alt=\"\" width=\"300\" height=\"200\" \/>\u00a0<\/a><a href=\"https:\/\/san.uri.br\/sites\/site_novo\/wp-content\/uploads\/2017\/08\/04.jpg\"><img decoding=\"async\" loading=\"lazy\" class=\"alignnone size-medium wp-image-13639\" src=\"https:\/\/san.uri.br\/sites\/site_novo\/wp-content\/uploads\/2017\/08\/04-300x219.jpg\" alt=\"\" width=\"300\" height=\"219\" \/><\/a><\/p>\n","protected":false},"excerpt":{"rendered":"<p>Foi realizada na manh\u00e3 desta quinta-feira (27) uma reuni\u00e3o para apresenta\u00e7\u00e3o dos resultados da Consulta Popular 2017. O encontro teve como objetivo apresentar a distribui\u00e7\u00e3o dos recursos que estar\u00e3o dispon\u00edveis a partir da vota\u00e7\u00e3o, bem como definir detalhes dos projetos nos munic\u00edpios. Foram aprovados os projetos: Fortalecimento da produ\u00e7\u00e3o de gr\u00e3os na regi\u00e3o das Miss\u00f5es, [&hellip;]<\/p>\n","protected":false},"author":1,"featured_media":0,"comment_status":"closed","ping_status":"closed","sticky":false,"template":"","format":"standard","meta":[],"categories":[5],"tags":[],"_links":{"self":[{"href":"https:\/\/san.uri.br\/sites\/corede\/index.php\/wp-json\/wp\/v2\/posts\/166"}],"collection":[{"href":"https:\/\/san.uri.br\/sites\/corede\/index.php\/wp-json\/wp\/v2\/posts"}],"about":[{"href":"https:\/\/san.uri.br\/sites\/corede\/index.php\/wp-json\/wp\/v2\/types\/post"}],"author":[{"embeddable":true,"href":"https:\/\/san.uri.br\/sites\/corede\/index.php\/wp-json\/wp\/v2\/users\/1"}],"replies":[{"embeddable":true,"href":"https:\/\/san.uri.br\/sites\/corede\/index.php\/wp-json\/wp\/v2\/comments?post=166"}],"version-history":[{"count":1,"href":"https:\/\/san.uri.br\/sites\/corede\/index.php\/wp-json\/wp\/v2\/posts\/166\/revisions"}],"predecessor-version":[{"id":239,"href":"https:\/\/san.uri.br\/sites\/corede\/index.php\/wp-json\/wp\/v2\/posts\/166\/revisions\/239"}],"wp:attachment":[{"href":"https:\/\/san.uri.br\/sites\/corede\/index.php\/wp-json\/wp\/v2\/media?parent=166"}],"wp:term":[{"taxonomy":"category","embeddable":true,"href":"https:\/\/san.uri.br\/sites\/corede\/index.php\/wp-json\/wp\/v2\/categories?post=166"},{"taxonomy":"post_tag","embeddable":true,"href":"https:\/\/san.uri.br\/sites\/corede\/index.php\/wp-json\/wp\/v2\/tags?post=166"}],"curies":[{"name":"wp","href":"https:\/\/api.w.org\/{rel}","templated":true}]}}