{"id":149,"date":"2017-08-14T15:33:42","date_gmt":"2017-08-14T18:33:42","guid":{"rendered":"https:\/\/san.uri.br\/sites\/corede\/?p=149"},"modified":"2017-08-14T15:33:42","modified_gmt":"2017-08-14T18:33:42","slug":"corede-missoes-realiza-entrega-de-plano-estrategico-de-desenvolvimento-regional","status":"publish","type":"post","link":"https:\/\/san.uri.br\/sites\/corede\/index.php\/2017\/08\/14\/corede-missoes-realiza-entrega-de-plano-estrategico-de-desenvolvimento-regional\/","title":{"rendered":"Corede Miss\u00f5es realiza entrega de Plano Estrat\u00e9gico de Desenvolvimento Regional"},"content":{"rendered":"<p>O presidente do Corede Miss\u00f5es, Jose Claudio Lourega Reis, realizou, no dia 10 de agosto, a entrega do Plano Estrat\u00e9gico de Desenvolvimento Regional da Regi\u00e3o das Miss\u00f5es em Porto Alegre. O projeto foi recebido pelo diretor de planejamento da Secretaria Estadual de Planejamento, Governan\u00e7a e Gest\u00e3o \u2013 SPGG, doutor Ant\u00f4nio Cargnin.<\/p>\n<p><img decoding=\"async\" loading=\"lazy\" class=\"alignnone size-medium wp-image-150\" src=\"https:\/\/san.uri.br\/sites\/corede\/wp-content\/uploads\/2017\/08\/Lourega-300x200.jpg\" alt=\"\" width=\"300\" height=\"200\" \/><\/p>\n","protected":false},"excerpt":{"rendered":"<p>O presidente do Corede Miss\u00f5es, Jose Claudio Lourega Reis, realizou, no dia 10 de agosto, a entrega do Plano Estrat\u00e9gico de Desenvolvimento Regional da Regi\u00e3o das Miss\u00f5es em Porto Alegre. O projeto foi recebido pelo diretor de planejamento da Secretaria Estadual de Planejamento, Governan\u00e7a e Gest\u00e3o \u2013 SPGG, doutor Ant\u00f4nio Cargnin.<\/p>\n","protected":false},"author":1,"featured_media":0,"comment_status":"closed","ping_status":"closed","sticky":false,"template":"","format":"standard","meta":[],"categories":[5],"tags":[],"_links":{"self":[{"href":"https:\/\/san.uri.br\/sites\/corede\/index.php\/wp-json\/wp\/v2\/posts\/149"}],"collection":[{"href":"https:\/\/san.uri.br\/sites\/corede\/index.php\/wp-json\/wp\/v2\/posts"}],"about":[{"href":"https:\/\/san.uri.br\/sites\/corede\/index.php\/wp-json\/wp\/v2\/types\/post"}],"author":[{"embeddable":true,"href":"https:\/\/san.uri.br\/sites\/corede\/index.php\/wp-json\/wp\/v2\/users\/1"}],"replies":[{"embeddable":true,"href":"https:\/\/san.uri.br\/sites\/corede\/index.php\/wp-json\/wp\/v2\/comments?post=149"}],"version-history":[{"count":0,"href":"https:\/\/san.uri.br\/sites\/corede\/index.php\/wp-json\/wp\/v2\/posts\/149\/revisions"}],"wp:attachment":[{"href":"https:\/\/san.uri.br\/sites\/corede\/index.php\/wp-json\/wp\/v2\/media?parent=149"}],"wp:term":[{"taxonomy":"category","embeddable":true,"href":"https:\/\/san.uri.br\/sites\/corede\/index.php\/wp-json\/wp\/v2\/categories?post=149"},{"taxonomy":"post_tag","embeddable":true,"href":"https:\/\/san.uri.br\/sites\/corede\/index.php\/wp-json\/wp\/v2\/tags?post=149"}],"curies":[{"name":"wp","href":"https:\/\/api.w.org\/{rel}","templated":true}]}}