{"id":142,"date":"2017-07-28T11:08:48","date_gmt":"2017-07-28T14:08:48","guid":{"rendered":"https:\/\/san.uri.br\/sites\/corede\/?p=142"},"modified":"2023-07-06T21:45:37","modified_gmt":"2023-07-07T00:45:37","slug":"votacao-da-consulta-popular-2017-acontece-na-proxima-semana","status":"publish","type":"post","link":"https:\/\/san.uri.br\/sites\/corede\/index.php\/2017\/07\/28\/votacao-da-consulta-popular-2017-acontece-na-proxima-semana\/","title":{"rendered":"Vota\u00e7\u00e3o da Consulta Popular 2017 acontece na pr\u00f3xima semana"},"content":{"rendered":"<p><img decoding=\"async\" loading=\"lazy\" class=\"size-medium wp-image-143 alignright\" src=\"https:\/\/san.uri.br\/sites\/corede\/wp-content\/uploads\/2017\/07\/20246244_1055874564514900_232659771669109277_n-271x300.jpg\" alt=\"\" width=\"271\" height=\"300\" \/>O Corede Miss\u00f5es organiza, na pr\u00f3xima semana, a vota\u00e7\u00e3o da Consulta Popular 2017. A vota\u00e7\u00e3o poder\u00e1 ser feita pelo site vota.rs.gov.br, nos dias 1\u00ba, 2 e 3 de agosto e presencialmente nos pontos de vota\u00e7\u00e3o do seu munic\u00edpio. Nos dias 1\u00ba e 2, em urnas off line, pelas pessoas cadastradas pelos Comudes para trabalhar de forma volunt\u00e1ria. \u00a0A Consulta definir\u00e1 as \u00e1reas priorit\u00e1rias para o investimento de R$ 2.371.428,57 para a regi\u00e3o das Miss\u00f5es, do Or\u00e7amento 2018 do Governo do Estado do Rio Grande do Sul.<\/p>\n<p>Est\u00e3o habilitados a votar apenas os eleitores com domic\u00edlio eleitoral no Rio Grande do Sul. Os eleitores poder\u00e3o votar em\u00a0apenas\u00a0um\u00a0dos Programas ou A\u00e7\u00f5es constantes da c\u00e9dula de vota\u00e7\u00e3o. Na vota\u00e7\u00e3o on-line e nos pontos de vota\u00e7\u00e3o \u00e9 necess\u00e1rio o n\u00famero do t\u00edtulo de eleitor. Caso voc\u00ea n\u00e3o o tenha \u00e0 m\u00e3o, o ambiente de vota\u00e7\u00e3o na internet permitir\u00e1 pesquisa diretamente no Tribunal Superior Eleitoral (TSE).<\/p>\n<p>A c\u00e9dula formada em Assembleia Regional, elenca seis prioridades nas \u00e1reas de Agricultura e Pecu\u00e1ria, Turismo, Desenvolvimento Econ\u00f4mico, Ci\u00eancia e Tecnologia. Neste ano, cada eleitor opta por apenas um projeto, sendo que as tr\u00eas prioridades mais votadas receber\u00e3o os recursos. O item mais votado receber\u00e1 40% do valor (R$ 948.571,42), sendo que o segundo e terceiro itens receber\u00e3o, cada um, 30% (R$ 711.428,57).<\/p>\n<p>As propostas que compor\u00e3o a c\u00e9dula de vota\u00e7\u00e3o s\u00e3o:<\/p>\n<p>&#8211; SIAPI \u2013 Recupera\u00e7\u00e3o, manuten\u00e7\u00e3o e conserva\u00e7\u00e3o de solos;<\/p>\n<p>&#8211; SEDACTEl \u2013 Infraestrutura e equipamentos para o bem receber;<\/p>\n<p>&#8211; SDR \u2013 Agroind\u00fastria Familiar \u2013 Sabor Ga\u00facho;<\/p>\n<p>&#8211; SDR \u2013 Leite Ga\u00facho: fortalecimento das cadeias produtivas locais e regionais;<\/p>\n<p>&#8211; SEAPI \u2013 Cadeia produtiva do leite, pecu\u00e1ria de corte e ovinocultura;<\/p>\n<p>&#8211; SDCT \u2013 Parques, polos e incubadoras tecnol\u00f3gicas.<\/p>\n","protected":false},"excerpt":{"rendered":"<p>O Corede Miss\u00f5es organiza, na pr\u00f3xima semana, a vota\u00e7\u00e3o da Consulta Popular 2017. A vota\u00e7\u00e3o poder\u00e1 ser feita pelo site vota.rs.gov.br, nos dias 1\u00ba, 2 e 3 de agosto e presencialmente nos pontos de vota\u00e7\u00e3o do seu munic\u00edpio. Nos dias 1\u00ba e 2, em urnas off line, pelas pessoas cadastradas pelos Comudes para trabalhar de [&hellip;]<\/p>\n","protected":false},"author":1,"featured_media":0,"comment_status":"closed","ping_status":"closed","sticky":false,"template":"","format":"standard","meta":[],"categories":[5],"tags":[],"_links":{"self":[{"href":"https:\/\/san.uri.br\/sites\/corede\/index.php\/wp-json\/wp\/v2\/posts\/142"}],"collection":[{"href":"https:\/\/san.uri.br\/sites\/corede\/index.php\/wp-json\/wp\/v2\/posts"}],"about":[{"href":"https:\/\/san.uri.br\/sites\/corede\/index.php\/wp-json\/wp\/v2\/types\/post"}],"author":[{"embeddable":true,"href":"https:\/\/san.uri.br\/sites\/corede\/index.php\/wp-json\/wp\/v2\/users\/1"}],"replies":[{"embeddable":true,"href":"https:\/\/san.uri.br\/sites\/corede\/index.php\/wp-json\/wp\/v2\/comments?post=142"}],"version-history":[{"count":1,"href":"https:\/\/san.uri.br\/sites\/corede\/index.php\/wp-json\/wp\/v2\/posts\/142\/revisions"}],"predecessor-version":[{"id":240,"href":"https:\/\/san.uri.br\/sites\/corede\/index.php\/wp-json\/wp\/v2\/posts\/142\/revisions\/240"}],"wp:attachment":[{"href":"https:\/\/san.uri.br\/sites\/corede\/index.php\/wp-json\/wp\/v2\/media?parent=142"}],"wp:term":[{"taxonomy":"category","embeddable":true,"href":"https:\/\/san.uri.br\/sites\/corede\/index.php\/wp-json\/wp\/v2\/categories?post=142"},{"taxonomy":"post_tag","embeddable":true,"href":"https:\/\/san.uri.br\/sites\/corede\/index.php\/wp-json\/wp\/v2\/tags?post=142"}],"curies":[{"name":"wp","href":"https:\/\/api.w.org\/{rel}","templated":true}]}}