{"id":103,"date":"2017-07-05T17:19:16","date_gmt":"2017-07-05T20:19:16","guid":{"rendered":"https:\/\/san.uri.br\/sites\/corede\/?p=103"},"modified":"2017-07-05T17:19:16","modified_gmt":"2017-07-05T20:19:16","slug":"assembleia-regional-define-cedula-de-votacao-para-a-consulta-popular","status":"publish","type":"post","link":"https:\/\/san.uri.br\/sites\/corede\/index.php\/2017\/07\/05\/assembleia-regional-define-cedula-de-votacao-para-a-consulta-popular\/","title":{"rendered":"Assembleia Regional define c\u00e9dula de vota\u00e7\u00e3o para a Consulta Popular"},"content":{"rendered":"<p>O Corede Miss\u00f5es realizou nesta quarta-feira (5), no audit\u00f3rio da URI Santo \u00c2ngelo, a Assembleia Regional Ampliada, com participa\u00e7\u00e3o de representantes dos 25 munic\u00edpios da regi\u00e3o. A reuni\u00e3o definiu as demandas priorit\u00e1rias que constar\u00e3o na c\u00e9dula de vota\u00e7\u00e3o da Consulta Popular 2017, que definir\u00e1 as \u00e1reas priorit\u00e1rias para o investimento de R$ 2.371.428,57 para a regi\u00e3o das Miss\u00f5es, do Or\u00e7amento 2018 do Governo do Estado do Rio Grande do Sul.<\/p>\n<p><img decoding=\"async\" loading=\"lazy\" class=\"size-medium wp-image-104 alignright\" src=\"https:\/\/san.uri.br\/sites\/corede\/wp-content\/uploads\/2017\/07\/Assembleia-Regional-do-Corede-Miss\u00f5es-definiu-propostas-para-a-c\u00e9dula-de-vota\u00e7\u00e3o-da-Consulta-Popular-300x200.jpg\" alt=\"\" width=\"300\" height=\"200\" \/><\/p>\n<p>Conforme relata o presidente do Corede Miss\u00f5es, Jos\u00e9 Claudio Lourega Reis, a Assembleia deste ano teve ampla participa\u00e7\u00e3o dos delegados e presidentes dos Comudes de todos os munic\u00edpios que integram a regi\u00e3o. \u201cTivemos por base as audi\u00eancias p\u00fablicas municipais, em que podemos estar em contato com as realidades de cada localidade\u201d, destaca. A Assembleia Regional tamb\u00e9m teve participa\u00e7\u00e3o dos prefeitos, vereadores, Coordenadorias Regionais de Sa\u00fade, Educa\u00e7\u00e3o, Desenvolvimento Rural e Agricultura, Comandos Regionais de Seguran\u00e7a, entre outras lideran\u00e7as locais.<\/p>\n<p>A c\u00e9dula formada leva em conta as escolhas dos munic\u00edpios, elencando seis prioridades nas \u00e1reas de Agricultura e Pecu\u00e1ria, Turismo, Desenvolvimento Econ\u00f4mico, Ci\u00eancia e Tecnologia. Neste ano, cada eleitor opta por apenas um projeto, sendo que as tr\u00eas prioridades mais votadas receber\u00e3o os recursos. O item mais votado receber\u00e1 40% do valor (R$ 948.571,42), sendo que o segundo e terceiro itens receber\u00e3o, cada um, 30% (R$ 711.428,57).<img decoding=\"async\" loading=\"lazy\" class=\"size-medium wp-image-105 aligncenter\" src=\"https:\/\/san.uri.br\/sites\/corede\/wp-content\/uploads\/2017\/07\/Delegados-dos-Comudes-dos-25-munic\u00edpios-da-regi\u00e3o-do-Corede-participaram-da-assembleia-Regional-300x200.jpg\" alt=\"\" width=\"300\" height=\"200\" \/><\/p>\n<p>Durante a Assembleia tamb\u00e9m foram prestados esclarecimentos pontuais sobre a elabora\u00e7\u00e3o e andamento do Plano Estrat\u00e9gico de Desenvolvimento da Regi\u00e3o das Miss\u00f5es, que prop\u00f5e projetos de desenvolvimento para regi\u00e3o at\u00e9 2030.<\/p>\n<p>A vota\u00e7\u00e3o da Consulta Popular 2017 acontecer\u00e1 nos dias 1, 2 e 3 de agosto, pelo site <a href=\"http:\/\/www.consultapopular.rs.gov.br\/\">http:\/\/www.consultapopular.rs.gov.br\/<\/a>. A vota\u00e7\u00e3o presencial ser\u00e1 realizada nos dias 1 e 2, de acordo com a agenda de cada um dos munic\u00edpios.<\/p>\n<p>As propostas que compor\u00e3o a c\u00e9dula de vota\u00e7\u00e3o s\u00e3o:<\/p>\n<p>&#8211; SIAPI \u2013 Recupera\u00e7\u00e3o, manuten\u00e7\u00e3o e conserva\u00e7\u00e3o de solos;<\/p>\n<p>&#8211; SEDACTEl \u2013 Infraestrutura e equipamentos para o bem receber;<\/p>\n<p>&#8211; SDR \u2013 Agroind\u00fastria Familiar \u2013 Sabor Ga\u00facho;<\/p>\n<p>&#8211; SDR \u2013 Leite Ga\u00facho: fortalecimento das cadeias produtivas locais e regionais;<\/p>\n<p>&#8211; SEAPI \u2013 Cadeia produtiva do leite, pecu\u00e1ria de corte e ovinocultura;<\/p>\n<p>&#8211; SDCT \u2013 Parques, polos e incubadoras tecnol\u00f3gicas.<\/p>\n","protected":false},"excerpt":{"rendered":"<p>O Corede Miss\u00f5es realizou nesta quarta-feira (5), no audit\u00f3rio da URI Santo \u00c2ngelo, a Assembleia Regional Ampliada, com participa\u00e7\u00e3o de representantes dos 25 munic\u00edpios da regi\u00e3o. A reuni\u00e3o definiu as demandas priorit\u00e1rias que constar\u00e3o na c\u00e9dula de vota\u00e7\u00e3o da Consulta Popular 2017, que definir\u00e1 as \u00e1reas priorit\u00e1rias para o investimento de R$ 2.371.428,57 para a [&hellip;]<\/p>\n","protected":false},"author":1,"featured_media":0,"comment_status":"closed","ping_status":"closed","sticky":false,"template":"","format":"standard","meta":[],"categories":[5],"tags":[],"_links":{"self":[{"href":"https:\/\/san.uri.br\/sites\/corede\/index.php\/wp-json\/wp\/v2\/posts\/103"}],"collection":[{"href":"https:\/\/san.uri.br\/sites\/corede\/index.php\/wp-json\/wp\/v2\/posts"}],"about":[{"href":"https:\/\/san.uri.br\/sites\/corede\/index.php\/wp-json\/wp\/v2\/types\/post"}],"author":[{"embeddable":true,"href":"https:\/\/san.uri.br\/sites\/corede\/index.php\/wp-json\/wp\/v2\/users\/1"}],"replies":[{"embeddable":true,"href":"https:\/\/san.uri.br\/sites\/corede\/index.php\/wp-json\/wp\/v2\/comments?post=103"}],"version-history":[{"count":0,"href":"https:\/\/san.uri.br\/sites\/corede\/index.php\/wp-json\/wp\/v2\/posts\/103\/revisions"}],"wp:attachment":[{"href":"https:\/\/san.uri.br\/sites\/corede\/index.php\/wp-json\/wp\/v2\/media?parent=103"}],"wp:term":[{"taxonomy":"category","embeddable":true,"href":"https:\/\/san.uri.br\/sites\/corede\/index.php\/wp-json\/wp\/v2\/categories?post=103"},{"taxonomy":"post_tag","embeddable":true,"href":"https:\/\/san.uri.br\/sites\/corede\/index.php\/wp-json\/wp\/v2\/tags?post=103"}],"curies":[{"name":"wp","href":"https:\/\/api.w.org\/{rel}","templated":true}]}}