{"id":2580,"date":"2018-05-17T11:01:43","date_gmt":"2018-05-17T14:01:43","guid":{"rendered":"https:\/\/san.uri.br\/mestrado_direito\/?p=2580"},"modified":"2018-05-17T11:01:43","modified_gmt":"2018-05-17T14:01:43","slug":"ppgdireito-urisan-promove-seminario-sobre-a-protecao-da-cidadania-frente-ao-novo-marco-regulatorio-europeu-sobre-a-protecao-de-dados","status":"publish","type":"post","link":"https:\/\/san.uri.br\/mestrado_direito\/index.php\/2018\/05\/17\/ppgdireito-urisan-promove-seminario-sobre-a-protecao-da-cidadania-frente-ao-novo-marco-regulatorio-europeu-sobre-a-protecao-de-dados\/","title":{"rendered":"PPGDIREITO URI\/SAN PROMOVE SEMIN\u00c1RIO SOBRE A PROTE\u00c7\u00c3O DA CIDADANIA FRENTE AO NOVO MARCO REGULAT\u00d3RIO EUROPEU SOBRE A PROTE\u00c7\u00c3O DE DADOS"},"content":{"rendered":"<p style=\"text-align: justify;\">Nesta quinta-feira, dia 17 de maio, o professor Dr. M\u00e1rio Frota, de Portugal, em visita ao Programa de P\u00f3s-gradua\u00e7\u00e3o Stricto Sensu em Direito &#8211; Mestrado e Doutorado da URI, palestrou acerca da &#8220;A prote\u00e7\u00e3o da cidadania frente ao novo marco regulat\u00f3rio europeu sobre a prote\u00e7\u00e3o de dados&#8221; aos doutorandos, mestrandos e professores do programa.<\/p>\n<p><a href=\"https:\/\/san.uri.br\/mestrado_direito\/wp-content\/uploads\/2018\/05\/32713938_1674651459288608_4885951016358379520_n.jpg\"><img loading=\"lazy\" class=\"alignnone size-medium wp-image-2585\" src=\"https:\/\/san.uri.br\/mestrado_direito\/\/uploads\/2018\/05\/32713938_1674651459288608_4885951016358379520_n-300x173.jpg\" alt=\"32713938_1674651459288608_4885951016358379520_n\" width=\"300\" height=\"173\" \/><\/a><\/p>\n<p><a href=\"https:\/\/san.uri.br\/mestrado_direito\/wp-content\/uploads\/2018\/05\/32828409_1674651482621939_8777365508803526656_n.jpg\"><img loading=\"lazy\" class=\"alignnone size-medium wp-image-2582\" src=\"https:\/\/san.uri.br\/mestrado_direito\/wp-content\/uploads\/2018\/05\/32828409_1674651482621939_8777365508803526656_n-225x300.jpg\" alt=\"32828409_1674651482621939_8777365508803526656_n\" width=\"225\" height=\"300\" \/><\/a><\/p>\n<p><a href=\"https:\/\/san.uri.br\/mestrado_direito\/wp-content\/uploads\/2018\/05\/32640619_1674745289279225_6306354867887669248_n.jpg\"><img loading=\"lazy\" class=\"alignnone size-medium wp-image-2591\" src=\"https:\/\/san.uri.br\/mestrado_direito\/wp-content\/uploads\/2018\/05\/32640619_1674745289279225_6306354867887669248_n-300x225.jpg\" alt=\"32640619_1674745289279225_6306354867887669248_n\" width=\"300\" height=\"225\" \/><\/a><\/p>\n<p><a href=\"https:\/\/san.uri.br\/mestrado_direito\/wp-content\/uploads\/2018\/05\/32745196_1674651499288604_4943142624778256384_n.jpg\"><img loading=\"lazy\" class=\"alignnone size-medium wp-image-2586\" src=\"https:\/\/san.uri.br\/mestrado_direito\/wp-content\/uploads\/2018\/05\/32745196_1674651499288604_4943142624778256384_n-300x225.jpg\" alt=\"32745196_1674651499288604_4943142624778256384_n\" width=\"300\" height=\"225\" \/><\/a><\/p>\n<p><a href=\"https:\/\/san.uri.br\/mestrado_direito\/wp-content\/uploads\/2018\/05\/32896954_1674651275955293_4120800264703705088_n.jpg\"><img loading=\"lazy\" class=\"alignnone size-medium wp-image-2583\" src=\"https:\/\/san.uri.br\/mestrado_direito\/wp-content\/uploads\/2018\/05\/32896954_1674651275955293_4120800264703705088_n-300x225.jpg\" alt=\"32896954_1674651275955293_4120800264703705088_n\" width=\"300\" height=\"225\" \/><\/a><\/p>\n<p><a href=\"https:\/\/san.uri.br\/mestrado_direito\/wp-content\/uploads\/2018\/05\/32686197_1674828249270929_3470626809765167104_n.jpg\"><img loading=\"lazy\" class=\"alignnone size-medium wp-image-2593\" src=\"https:\/\/san.uri.br\/mestrado_direito\/wp-content\/uploads\/2018\/05\/32686197_1674828249270929_3470626809765167104_n-300x225.jpg\" alt=\"32686197_1674828249270929_3470626809765167104_n\" width=\"300\" height=\"225\" \/><\/a><\/p>\n","protected":false},"excerpt":{"rendered":"<p>Nesta quinta-feira, dia 17 de maio, o professor Dr. M\u00e1rio Frota, de Portugal, em visita ao Programa de P\u00f3s-gradua\u00e7\u00e3o Stricto Sensu em Direito &#8211; Mestrado e Doutorado da URI, palestrou acerca da &#8220;A prote\u00e7\u00e3o da cidadania frente ao novo marco regulat\u00f3rio europeu sobre a prote\u00e7\u00e3o de dados&#8221; aos doutorandos, mestrandos e professores do programa.<\/p>\n","protected":false},"author":1,"featured_media":0,"comment_status":"closed","ping_status":"closed","sticky":false,"template":"","format":"standard","meta":[],"categories":[11,12,13],"tags":[],"_links":{"self":[{"href":"https:\/\/san.uri.br\/mestrado_direito\/index.php\/wp-json\/wp\/v2\/posts\/2580"}],"collection":[{"href":"https:\/\/san.uri.br\/mestrado_direito\/index.php\/wp-json\/wp\/v2\/posts"}],"about":[{"href":"https:\/\/san.uri.br\/mestrado_direito\/index.php\/wp-json\/wp\/v2\/types\/post"}],"author":[{"embeddable":true,"href":"https:\/\/san.uri.br\/mestrado_direito\/index.php\/wp-json\/wp\/v2\/users\/1"}],"replies":[{"embeddable":true,"href":"https:\/\/san.uri.br\/mestrado_direito\/index.php\/wp-json\/wp\/v2\/comments?post=2580"}],"version-history":[{"count":0,"href":"https:\/\/san.uri.br\/mestrado_direito\/index.php\/wp-json\/wp\/v2\/posts\/2580\/revisions"}],"wp:attachment":[{"href":"https:\/\/san.uri.br\/mestrado_direito\/index.php\/wp-json\/wp\/v2\/media?parent=2580"}],"wp:term":[{"taxonomy":"category","embeddable":true,"href":"https:\/\/san.uri.br\/mestrado_direito\/index.php\/wp-json\/wp\/v2\/categories?post=2580"},{"taxonomy":"post_tag","embeddable":true,"href":"https:\/\/san.uri.br\/mestrado_direito\/index.php\/wp-json\/wp\/v2\/tags?post=2580"}],"curies":[{"name":"wp","href":"https:\/\/api.w.org\/{rel}","templated":true}]}}