{"id":2576,"date":"2018-05-10T08:12:24","date_gmt":"2018-05-10T11:12:24","guid":{"rendered":"https:\/\/san.uri.br\/mestrado_direito\/?p=2576"},"modified":"2018-05-10T08:12:24","modified_gmt":"2018-05-10T11:12:24","slug":"professora-e-mestranda-do-ppgdireito-participam-do-festival-prisma-da-globo-news","status":"publish","type":"post","link":"https:\/\/san.uri.br\/mestrado_direito\/index.php\/2018\/05\/10\/professora-e-mestranda-do-ppgdireito-participam-do-festival-prisma-da-globo-news\/","title":{"rendered":"Professora e mestranda do PPGDireito participam do Festival \u201cPrisma\u201d da Globo News"},"content":{"rendered":"<p style=\"text-align: justify;\">A professora do curso de Direito Thami Covatti Piaia e a mestranda de Direito D\u00e9bora Patr\u00edcia Seger participaram dia 5 de maio, em S\u00e3o Paulo, do evento Prisma, da Globo News.<\/p>\n<p><a href=\"https:\/\/san.uri.br\/mestrado_direito\/wp-content\/uploads\/2018\/05\/Thami-e-Debora-no-evento-Globo-News-2-768x1024.jpg\"><img loading=\"lazy\" class=\"alignnone size-medium wp-image-2577\" src=\"https:\/\/san.uri.br\/mestrado_direito\/wp-content\/uploads\/2018\/05\/Thami-e-Debora-no-evento-Globo-News-2-768x1024-225x300.jpg\" alt=\"Thami-e-Debora-no-evento-Globo-News-2-768x1024\" width=\"225\" height=\"300\" \/><\/a><\/p>\n<p style=\"text-align: justify;\">Prisma \u00e9 um Festival de Empreendedorismo, Sustentabilidade e Inova\u00e7\u00e3o, que oportuniza o debate entre os palestrantes e os participantes, sobre diferentes temas relacionados a novas tecnologias e sociedade.\u00a0 O evento ofereceu diversas palestras e contou com a participa\u00e7\u00e3o de pessoas de todo o Brasil.<\/p>\n","protected":false},"excerpt":{"rendered":"<p>A professora do curso de Direito Thami Covatti Piaia e a mestranda de Direito D\u00e9bora Patr\u00edcia Seger participaram dia 5 de maio, em S\u00e3o Paulo, do evento Prisma, da Globo News. Prisma \u00e9 um Festival de Empreendedorismo, Sustentabilidade e Inova\u00e7\u00e3o, que oportuniza o debate entre os palestrantes e os participantes, sobre diferentes temas relacionados a [&hellip;]<\/p>\n","protected":false},"author":1,"featured_media":0,"comment_status":"closed","ping_status":"closed","sticky":false,"template":"","format":"standard","meta":[],"categories":[11,12,13],"tags":[],"_links":{"self":[{"href":"https:\/\/san.uri.br\/mestrado_direito\/index.php\/wp-json\/wp\/v2\/posts\/2576"}],"collection":[{"href":"https:\/\/san.uri.br\/mestrado_direito\/index.php\/wp-json\/wp\/v2\/posts"}],"about":[{"href":"https:\/\/san.uri.br\/mestrado_direito\/index.php\/wp-json\/wp\/v2\/types\/post"}],"author":[{"embeddable":true,"href":"https:\/\/san.uri.br\/mestrado_direito\/index.php\/wp-json\/wp\/v2\/users\/1"}],"replies":[{"embeddable":true,"href":"https:\/\/san.uri.br\/mestrado_direito\/index.php\/wp-json\/wp\/v2\/comments?post=2576"}],"version-history":[{"count":0,"href":"https:\/\/san.uri.br\/mestrado_direito\/index.php\/wp-json\/wp\/v2\/posts\/2576\/revisions"}],"wp:attachment":[{"href":"https:\/\/san.uri.br\/mestrado_direito\/index.php\/wp-json\/wp\/v2\/media?parent=2576"}],"wp:term":[{"taxonomy":"category","embeddable":true,"href":"https:\/\/san.uri.br\/mestrado_direito\/index.php\/wp-json\/wp\/v2\/categories?post=2576"},{"taxonomy":"post_tag","embeddable":true,"href":"https:\/\/san.uri.br\/mestrado_direito\/index.php\/wp-json\/wp\/v2\/tags?post=2576"}],"curies":[{"name":"wp","href":"https:\/\/api.w.org\/{rel}","templated":true}]}}