{"id":2560,"date":"2018-04-24T13:57:49","date_gmt":"2018-04-24T16:57:49","guid":{"rendered":"https:\/\/san.uri.br\/mestrado_direito\/?p=2560"},"modified":"2018-04-24T13:57:49","modified_gmt":"2018-04-24T16:57:49","slug":"ii-encontro-internacional-de-antropologia-e-direito-ppgdireito-urisan","status":"publish","type":"post","link":"https:\/\/san.uri.br\/mestrado_direito\/index.php\/2018\/04\/24\/ii-encontro-internacional-de-antropologia-e-direito-ppgdireito-urisan\/","title":{"rendered":"II ENCONTRO INTERNACIONAL DE ANTROPOLOGIA E DIREITO &#8211; PPGDIREITO URI\/SAN"},"content":{"rendered":"<p style=\"text-align: justify;\">\nNesta ter\u00e7a-feira, dia 24 de abril o PPGDireito da URI\/SAN promoveu o II Encontro internacional de antropologia e direito. Em seu primeiro dia, o encontro conta com a participa\u00e7\u00e3o da professora e doutora Ana L\u00facia Pastore Schritzmeyer, da USP, que abordou tem\u00e1ticas referentes aos &#8220;Desafios da Antropologia do Direito no Brasil&#8221;.<\/p>\n<p style=\"text-align: justify;\">\n<p style=\"text-align: justify;\"><a href=\"https:\/\/san.uri.br\/mestrado_direito\/wp-content\/uploads\/2018\/04\/31232456_1652462988174122_3535721776484974592_n.jpg\"><img loading=\"lazy\" class=\"alignnone size-medium wp-image-2562\" src=\"https:\/\/san.uri.br\/mestrado_direito\/wp-content\/uploads\/2018\/04\/31232456_1652462988174122_3535721776484974592_n-300x225.jpg\" alt=\"31232456_1652462988174122_3535721776484974592_n\" width=\"300\" height=\"225\" \/><\/a><\/p>\n<p style=\"text-align: justify;\"><a href=\"https:\/\/san.uri.br\/mestrado_direito\/\/wp-content\/uploads\/2018\/04\/31179972_1652463634840724_8228417333450768384_o.jpg\"><img loading=\"lazy\" class=\"alignnone size-medium wp-image-2561\" src=\"https:\/\/san.uri.br\/mestrado_direito\/wp-content\/uploads\/2018\/04\/31179972_1652463634840724_8228417333450768384_o-300x225.jpg\" alt=\"31179972_1652463634840724_8228417333450768384_o\" width=\"300\" height=\"225\" \/><\/a><\/p>\n<p style=\"text-align: justify;\"><a href=\"https:\/\/san.uri.br\/mestrado_direito\/wp-content\/uploads\/2018\/04\/31299634_1652462994840788_887511737102761984_o.jpg\"><img loading=\"lazy\" class=\"alignnone size-medium wp-image-2563\" src=\"https:\/\/san.uri.br\/mestrado_direito\/wp-content\/uploads\/2018\/04\/31299634_1652462994840788_887511737102761984_o-300x225.jpg\" alt=\"31299634_1652462994840788_887511737102761984_o\" width=\"300\" height=\"225\" \/><\/a><\/p>\n","protected":false},"excerpt":{"rendered":"<p>Nesta ter\u00e7a-feira, dia 24 de abril o PPGDireito da URI\/SAN promoveu o II Encontro internacional de antropologia e direito. Em seu primeiro dia, o encontro conta com a participa\u00e7\u00e3o da professora e doutora Ana L\u00facia Pastore Schritzmeyer, da USP, que abordou tem\u00e1ticas referentes aos &#8220;Desafios da Antropologia do Direito no Brasil&#8221;.<\/p>\n","protected":false},"author":1,"featured_media":0,"comment_status":"closed","ping_status":"closed","sticky":false,"template":"","format":"standard","meta":[],"categories":[8,11,12,13],"tags":[],"_links":{"self":[{"href":"https:\/\/san.uri.br\/mestrado_direito\/index.php\/wp-json\/wp\/v2\/posts\/2560"}],"collection":[{"href":"https:\/\/san.uri.br\/mestrado_direito\/index.php\/wp-json\/wp\/v2\/posts"}],"about":[{"href":"https:\/\/san.uri.br\/mestrado_direito\/index.php\/wp-json\/wp\/v2\/types\/post"}],"author":[{"embeddable":true,"href":"https:\/\/san.uri.br\/mestrado_direito\/index.php\/wp-json\/wp\/v2\/users\/1"}],"replies":[{"embeddable":true,"href":"https:\/\/san.uri.br\/mestrado_direito\/index.php\/wp-json\/wp\/v2\/comments?post=2560"}],"version-history":[{"count":0,"href":"https:\/\/san.uri.br\/mestrado_direito\/index.php\/wp-json\/wp\/v2\/posts\/2560\/revisions"}],"wp:attachment":[{"href":"https:\/\/san.uri.br\/mestrado_direito\/index.php\/wp-json\/wp\/v2\/media?parent=2560"}],"wp:term":[{"taxonomy":"category","embeddable":true,"href":"https:\/\/san.uri.br\/mestrado_direito\/index.php\/wp-json\/wp\/v2\/categories?post=2560"},{"taxonomy":"post_tag","embeddable":true,"href":"https:\/\/san.uri.br\/mestrado_direito\/index.php\/wp-json\/wp\/v2\/tags?post=2560"}],"curies":[{"name":"wp","href":"https:\/\/api.w.org\/{rel}","templated":true}]}}