{"id":2545,"date":"2018-04-23T10:52:05","date_gmt":"2018-04-23T13:52:05","guid":{"rendered":"https:\/\/san.uri.br\/mestrado_direito\/?p=2545"},"modified":"2018-04-23T10:52:05","modified_gmt":"2018-04-23T13:52:05","slug":"prof-dr-leonel-palestra-em-harvard","status":"publish","type":"post","link":"https:\/\/san.uri.br\/mestrado_direito\/index.php\/2018\/04\/23\/prof-dr-leonel-palestra-em-harvard\/","title":{"rendered":"Prof. Dr. Leonel palestra em HARVARD"},"content":{"rendered":"<p style=\"text-align: justify;\">O professor Dr. Leonel Severo Rocha, do Programa de P\u00f3s-Gradua\u00e7\u00e3o em Direito da URI Santo \u00c2ngelo \u2013 Mestrado e Doutorado, foi convidado a participar do Harvard Law Brazilian Association Legal Symposium, nos Estados Unidos.<br \/>\nO professor palestrou na quarta-feira, 18 de abril, com a tem\u00e1tica \u201cLegisla\u00e7\u00e3o Criminal: desafios para o s\u00e9culo 21\u201d.<br \/>\nO evento \u00e9 promovido pela Faculdade de Direito de Harvard, em Cambridge, e busca explorar problemas jur\u00eddicos da modernidade por uma perspectiva multidisciplinar.<\/p>\n<p><a href=\"https:\/\/san.uri.br\/mestrado_direito\/wp-content\/uploads\/2018\/04\/0c871ad6-5fd1-44c1-ac0e-e59d5674ac7b.jpg\"><br \/>\n<img loading=\"lazy\" class=\"alignnone size-medium wp-image-2546\" src=\"https:\/\/san.uri.br\/mestrado_direito\/wp-content\/uploads\/2018\/04\/0c871ad6-5fd1-44c1-ac0e-e59d5674ac7b-300x225.jpg\" alt=\"0c871ad6-5fd1-44c1-ac0e-e59d5674ac7b\" width=\"300\" height=\"225\" \/><\/a><br \/>\n<a href=\"https:\/\/san.uri.br\/mestrado_direito\/wp-content\/uploads\/2018\/04\/044d4c9f-e6c6-4e5c-9a19-f0acfa86824a.jpg\"><img loading=\"lazy\" class=\"alignnone size-medium wp-image-2547\" src=\"https:\/\/san.uri.br\/mestrado_direito\/wp-content\/uploads\/2018\/04\/044d4c9f-e6c6-4e5c-9a19-f0acfa86824a-225x300.jpg\" alt=\"044d4c9f-e6c6-4e5c-9a19-f0acfa86824a\" width=\"225\" height=\"300\" \/><\/a><br \/>\n<a href=\"https:\/\/san.uri.br\/mestrado_direito\/wp-content\/uploads\/2018\/04\/951484f3-f509-4210-9127-fa71da4fb255.jpg\"><img loading=\"lazy\" class=\"alignnone size-medium wp-image-2548\" src=\"https:\/\/san.uri.br\/mestrado_direito\/wp-content\/uploads\/2018\/04\/951484f3-f509-4210-9127-fa71da4fb255-300x225.jpg\" alt=\"951484f3-f509-4210-9127-fa71da4fb255\" width=\"300\" height=\"225\" \/><\/a><br \/>\n<a href=\"https:\/\/san.uri.br\/mestrado_direito\/wp-content\/uploads\/2018\/04\/abc097b1-3f26-47f2-a3bc-6006131d156d.jpg\"><img loading=\"lazy\" class=\"alignnone size-medium wp-image-2549\" src=\"https:\/\/san.uri.br\/mestrado_direito\/wp-content\/uploads\/2018\/04\/abc097b1-3f26-47f2-a3bc-6006131d156d-300x225.jpg\" alt=\"abc097b1-3f26-47f2-a3bc-6006131d156d\" width=\"300\" height=\"225\" \/><\/a><\/p>\n","protected":false},"excerpt":{"rendered":"<p>O professor Dr. Leonel Severo Rocha, do Programa de P\u00f3s-Gradua\u00e7\u00e3o em Direito da URI Santo \u00c2ngelo \u2013 Mestrado e Doutorado, foi convidado a participar do Harvard Law Brazilian Association Legal Symposium, nos Estados Unidos. O professor palestrou na quarta-feira, 18 de abril, com a tem\u00e1tica \u201cLegisla\u00e7\u00e3o Criminal: desafios para o s\u00e9culo 21\u201d. O evento \u00e9 [&hellip;]<\/p>\n","protected":false},"author":1,"featured_media":0,"comment_status":"closed","ping_status":"closed","sticky":false,"template":"","format":"standard","meta":[],"categories":[11,12,13],"tags":[],"_links":{"self":[{"href":"https:\/\/san.uri.br\/mestrado_direito\/index.php\/wp-json\/wp\/v2\/posts\/2545"}],"collection":[{"href":"https:\/\/san.uri.br\/mestrado_direito\/index.php\/wp-json\/wp\/v2\/posts"}],"about":[{"href":"https:\/\/san.uri.br\/mestrado_direito\/index.php\/wp-json\/wp\/v2\/types\/post"}],"author":[{"embeddable":true,"href":"https:\/\/san.uri.br\/mestrado_direito\/index.php\/wp-json\/wp\/v2\/users\/1"}],"replies":[{"embeddable":true,"href":"https:\/\/san.uri.br\/mestrado_direito\/index.php\/wp-json\/wp\/v2\/comments?post=2545"}],"version-history":[{"count":0,"href":"https:\/\/san.uri.br\/mestrado_direito\/index.php\/wp-json\/wp\/v2\/posts\/2545\/revisions"}],"wp:attachment":[{"href":"https:\/\/san.uri.br\/mestrado_direito\/index.php\/wp-json\/wp\/v2\/media?parent=2545"}],"wp:term":[{"taxonomy":"category","embeddable":true,"href":"https:\/\/san.uri.br\/mestrado_direito\/index.php\/wp-json\/wp\/v2\/categories?post=2545"},{"taxonomy":"post_tag","embeddable":true,"href":"https:\/\/san.uri.br\/mestrado_direito\/index.php\/wp-json\/wp\/v2\/tags?post=2545"}],"curies":[{"name":"wp","href":"https:\/\/api.w.org\/{rel}","templated":true}]}}