{"id":2507,"date":"2018-03-20T16:24:42","date_gmt":"2018-03-20T19:24:42","guid":{"rendered":"https:\/\/san.uri.br\/mestrado_direito\/?p=2507"},"modified":"2018-03-20T16:24:42","modified_gmt":"2018-03-20T19:24:42","slug":"edital-no0022018-aluno-especial","status":"publish","type":"post","link":"https:\/\/san.uri.br\/mestrado_direito\/index.php\/2018\/03\/20\/edital-no0022018-aluno-especial\/","title":{"rendered":"Edital N\u00ba002\/2018 \u2013 Aluno Especial"},"content":{"rendered":"<h4 class=\"art-postheader\">Edital N\u00ba 002\/2018, abre as inscri\u00e7\u00f5es como aluno especial para o Mestrado em Direito do Programa de P\u00f3s-Gradua\u00e7\u00e3o Stricto Sensu em Direito, da URI, campus de Santo \u00c2ngelo.<\/h4>\n<p>Acesse o edital aqui &#8211; <a href=\"https:\/\/san.uri.br\/mestrado_direito\/wp-content\/uploads\/2018\/03\/Edital_n_2_2018_Alunos_Especiais-1.pdf\">Edital_n_2_2018_Alunos_Especiais<\/a><\/p>\n","protected":false},"excerpt":{"rendered":"<p>Edital N\u00ba 002\/2018, abre as inscri\u00e7\u00f5es como aluno especial para o Mestrado em Direito do Programa de P\u00f3s-Gradua\u00e7\u00e3o Stricto Sensu em Direito, da URI, campus de Santo \u00c2ngelo. Acesse o edital aqui &#8211; Edital_n_2_2018_Alunos_Especiais<\/p>\n","protected":false},"author":1,"featured_media":0,"comment_status":"closed","ping_status":"closed","sticky":false,"template":"","format":"standard","meta":[],"categories":[7],"tags":[],"_links":{"self":[{"href":"https:\/\/san.uri.br\/mestrado_direito\/index.php\/wp-json\/wp\/v2\/posts\/2507"}],"collection":[{"href":"https:\/\/san.uri.br\/mestrado_direito\/index.php\/wp-json\/wp\/v2\/posts"}],"about":[{"href":"https:\/\/san.uri.br\/mestrado_direito\/index.php\/wp-json\/wp\/v2\/types\/post"}],"author":[{"embeddable":true,"href":"https:\/\/san.uri.br\/mestrado_direito\/index.php\/wp-json\/wp\/v2\/users\/1"}],"replies":[{"embeddable":true,"href":"https:\/\/san.uri.br\/mestrado_direito\/index.php\/wp-json\/wp\/v2\/comments?post=2507"}],"version-history":[{"count":0,"href":"https:\/\/san.uri.br\/mestrado_direito\/index.php\/wp-json\/wp\/v2\/posts\/2507\/revisions"}],"wp:attachment":[{"href":"https:\/\/san.uri.br\/mestrado_direito\/index.php\/wp-json\/wp\/v2\/media?parent=2507"}],"wp:term":[{"taxonomy":"category","embeddable":true,"href":"https:\/\/san.uri.br\/mestrado_direito\/index.php\/wp-json\/wp\/v2\/categories?post=2507"},{"taxonomy":"post_tag","embeddable":true,"href":"https:\/\/san.uri.br\/mestrado_direito\/index.php\/wp-json\/wp\/v2\/tags?post=2507"}],"curies":[{"name":"wp","href":"https:\/\/api.w.org\/{rel}","templated":true}]}}