{"id":2504,"date":"2018-03-20T11:21:24","date_gmt":"2018-03-20T14:21:24","guid":{"rendered":"https:\/\/san.uri.br\/mestrado_direito\/?p=2504"},"modified":"2018-03-20T11:21:24","modified_gmt":"2018-03-20T14:21:24","slug":"professor-delolmo-participa-de-banca-em-mestrado-da-universidade-federal-do-maranhao","status":"publish","type":"post","link":"https:\/\/san.uri.br\/mestrado_direito\/index.php\/2018\/03\/20\/professor-delolmo-participa-de-banca-em-mestrado-da-universidade-federal-do-maranhao\/","title":{"rendered":"Professor Del\u2019Olmo participa de banca em Mestrado da Universidade Federal do Maranh\u00e3o"},"content":{"rendered":"<p><a href=\"https:\/\/san.uri.br\/mestrado_direito\/wp-content\/uploads\/2018\/03\/bancadireito_aline-2-300x199.jpg\"><br \/>\n<img loading=\"lazy\" class=\"alignnone size-medium wp-image-2505\" src=\"https:\/\/san.uri.br\/mestrado_direito\/wp-content\/uploads\/2018\/03\/bancadireito_aline-2-300x199-300x225.jpg\" alt=\"bancadireito_aline-2-300x199\" width=\"300\" height=\"225\" \/><\/a><\/p>\n<p style=\"text-align: justify;\">Na sexta-feira, 16 de mar\u00e7o, o professor doutor Florisbal de Souza Del\u00b4Olmo, docente do Programa de P\u00f3s-Gradua\u00e7\u00e3o stricto sensu em Direito, Mestrado e Doutorado, e Gradua\u00e7\u00e3o em Direito da URI, participou de defesa p\u00fablica de disserta\u00e7\u00e3o na Universidade Federal do Maranh\u00e3o.<\/p>\n<p style=\"text-align: justify;\">Na oportunidade, o mestrando Bruno Farias Madeira, apresentou trabalho intitulado \u201cO Poder Judici\u00e1rio e a Responsabilidade Internacional: uma interface entre a denega\u00e7\u00e3o de justi\u00e7a ao estrangeiro e a sujei\u00e7\u00e3o do Estado brasileiro \u00e0 jurisdi\u00e7\u00e3o internacional\u201d.<\/p>\n<p style=\"text-align: justify;\">Tamb\u00e9m participaram da banca os professores doutores M\u00f4nica Teresa Costa Sousa e Roberto Carvalho Veloso, coordenador do PPG em Direito da UFMA e tamb\u00e9m presidente da AJUFE nacional.<\/p>\n<p style=\"text-align: justify;\">\n<p>&nbsp;<\/p>\n","protected":false},"excerpt":{"rendered":"<p>Na sexta-feira, 16 de mar\u00e7o, o professor doutor Florisbal de Souza Del\u00b4Olmo, docente do Programa de P\u00f3s-Gradua\u00e7\u00e3o stricto sensu em Direito, Mestrado e Doutorado, e Gradua\u00e7\u00e3o em Direito da URI, participou de defesa p\u00fablica de disserta\u00e7\u00e3o na Universidade Federal do Maranh\u00e3o. Na oportunidade, o mestrando Bruno Farias Madeira, apresentou trabalho intitulado \u201cO Poder Judici\u00e1rio e [&hellip;]<\/p>\n","protected":false},"author":1,"featured_media":0,"comment_status":"closed","ping_status":"closed","sticky":false,"template":"","format":"standard","meta":[],"categories":[11,12,13],"tags":[],"_links":{"self":[{"href":"https:\/\/san.uri.br\/mestrado_direito\/index.php\/wp-json\/wp\/v2\/posts\/2504"}],"collection":[{"href":"https:\/\/san.uri.br\/mestrado_direito\/index.php\/wp-json\/wp\/v2\/posts"}],"about":[{"href":"https:\/\/san.uri.br\/mestrado_direito\/index.php\/wp-json\/wp\/v2\/types\/post"}],"author":[{"embeddable":true,"href":"https:\/\/san.uri.br\/mestrado_direito\/index.php\/wp-json\/wp\/v2\/users\/1"}],"replies":[{"embeddable":true,"href":"https:\/\/san.uri.br\/mestrado_direito\/index.php\/wp-json\/wp\/v2\/comments?post=2504"}],"version-history":[{"count":0,"href":"https:\/\/san.uri.br\/mestrado_direito\/index.php\/wp-json\/wp\/v2\/posts\/2504\/revisions"}],"wp:attachment":[{"href":"https:\/\/san.uri.br\/mestrado_direito\/index.php\/wp-json\/wp\/v2\/media?parent=2504"}],"wp:term":[{"taxonomy":"category","embeddable":true,"href":"https:\/\/san.uri.br\/mestrado_direito\/index.php\/wp-json\/wp\/v2\/categories?post=2504"},{"taxonomy":"post_tag","embeddable":true,"href":"https:\/\/san.uri.br\/mestrado_direito\/index.php\/wp-json\/wp\/v2\/tags?post=2504"}],"curies":[{"name":"wp","href":"https:\/\/api.w.org\/{rel}","templated":true}]}}