{"id":2481,"date":"2018-03-02T10:08:26","date_gmt":"2018-03-02T13:08:26","guid":{"rendered":"https:\/\/san.uri.br\/mestrado_direito\/?p=2481"},"modified":"2018-03-02T10:08:26","modified_gmt":"2018-03-02T13:08:26","slug":"13-a-turma-ingresso-2018","status":"publish","type":"post","link":"https:\/\/san.uri.br\/mestrado_direito\/index.php\/2018\/03\/02\/13-a-turma-ingresso-2018\/","title":{"rendered":"13 \u00aa TURMA (ingresso 2018)"},"content":{"rendered":"<p>Alessandra Duncke<\/p>\n<p>Bernardo Gheller Heidemann<\/p>\n<p>Caroline Isabela Capelesso Ceni<\/p>\n<p>D\u00e9bora Patricia Seger<\/p>\n<p>Eduardo Macedo Cattelan<\/p>\n<p>Elesandra Maria Da Rosa Costella<\/p>\n<p>Fab\u00edola Schmitt<\/p>\n<p>Francielle De Azevedo<\/p>\n<p>Gabrielle Scola Dutra<\/p>\n<p>In\u00e1cio Altino Ludwig<\/p>\n<p>Leonardo Furian<\/p>\n<p>Marcel Reis Tolomini<\/p>\n<p>Natascha Rodrigues Siqueira<\/p>\n<p>Oz\u00e9lia Ozana Osaida<\/p>\n<p>Salete Da Silva Hoch<\/p>\n<p>Tayama Dos Anjos<\/p>\n<p>Tha\u00eds Maciel De Oliveira<\/p>\n","protected":false},"excerpt":{"rendered":"<p>Alessandra Duncke Bernardo Gheller Heidemann Caroline Isabela Capelesso Ceni D\u00e9bora Patricia Seger Eduardo Macedo Cattelan Elesandra Maria Da Rosa Costella Fab\u00edola Schmitt Francielle De Azevedo Gabrielle Scola Dutra In\u00e1cio Altino Ludwig Leonardo Furian Marcel Reis Tolomini Natascha Rodrigues Siqueira Oz\u00e9lia Ozana Osaida Salete Da Silva Hoch Tayama Dos Anjos Tha\u00eds Maciel De Oliveira<\/p>\n","protected":false},"author":1,"featured_media":0,"comment_status":"closed","ping_status":"closed","sticky":false,"template":"","format":"standard","meta":[],"categories":[5],"tags":[],"_links":{"self":[{"href":"https:\/\/san.uri.br\/mestrado_direito\/index.php\/wp-json\/wp\/v2\/posts\/2481"}],"collection":[{"href":"https:\/\/san.uri.br\/mestrado_direito\/index.php\/wp-json\/wp\/v2\/posts"}],"about":[{"href":"https:\/\/san.uri.br\/mestrado_direito\/index.php\/wp-json\/wp\/v2\/types\/post"}],"author":[{"embeddable":true,"href":"https:\/\/san.uri.br\/mestrado_direito\/index.php\/wp-json\/wp\/v2\/users\/1"}],"replies":[{"embeddable":true,"href":"https:\/\/san.uri.br\/mestrado_direito\/index.php\/wp-json\/wp\/v2\/comments?post=2481"}],"version-history":[{"count":0,"href":"https:\/\/san.uri.br\/mestrado_direito\/index.php\/wp-json\/wp\/v2\/posts\/2481\/revisions"}],"wp:attachment":[{"href":"https:\/\/san.uri.br\/mestrado_direito\/index.php\/wp-json\/wp\/v2\/media?parent=2481"}],"wp:term":[{"taxonomy":"category","embeddable":true,"href":"https:\/\/san.uri.br\/mestrado_direito\/index.php\/wp-json\/wp\/v2\/categories?post=2481"},{"taxonomy":"post_tag","embeddable":true,"href":"https:\/\/san.uri.br\/mestrado_direito\/index.php\/wp-json\/wp\/v2\/tags?post=2481"}],"curies":[{"name":"wp","href":"https:\/\/api.w.org\/{rel}","templated":true}]}}