{"id":2440,"date":"2017-12-01T15:07:45","date_gmt":"2017-12-01T18:07:45","guid":{"rendered":"https:\/\/san.uri.br\/mestrado_direito\/?p=2440"},"modified":"2017-12-01T15:07:45","modified_gmt":"2017-12-01T18:07:45","slug":"resultado-final-selecao-turma-2018-para-mestrado-em-direito","status":"publish","type":"post","link":"https:\/\/san.uri.br\/mestrado_direito\/index.php\/2017\/12\/01\/resultado-final-selecao-turma-2018-para-mestrado-em-direito\/","title":{"rendered":"RESULTADO FINAL &#8211; PROCESSO SELETIVO PARA PROVIMENTO DAS VAGAS DO CURSO DE MESTRADO EM DIREITO &#8211; TURMA 2018"},"content":{"rendered":"<p>Resultado Processo Seletivo \u2013 Mestrado\u00a0em Direito \u2013 Turma 2018.<\/p>\n<p>Para acessar a lista de aprovados\u00a0<a href=\"https:\/\/san.uri.br\/mestrado_direito\/wp-content\/uploads\/2017\/12\/Sele\u00e7\u00e3o-Mestrado-2018-resultado-final-divullga\u00e7\u00e3o-2.pdf\">Clique Aqui!<\/a><\/p>\n","protected":false},"excerpt":{"rendered":"<p>Resultado Processo Seletivo \u2013 Mestrado\u00a0em Direito \u2013 Turma 2018. Para acessar a lista de aprovados\u00a0Clique Aqui!<\/p>\n","protected":false},"author":1,"featured_media":0,"comment_status":"closed","ping_status":"closed","sticky":false,"template":"","format":"standard","meta":[],"categories":[7,13],"tags":[],"_links":{"self":[{"href":"https:\/\/san.uri.br\/mestrado_direito\/index.php\/wp-json\/wp\/v2\/posts\/2440"}],"collection":[{"href":"https:\/\/san.uri.br\/mestrado_direito\/index.php\/wp-json\/wp\/v2\/posts"}],"about":[{"href":"https:\/\/san.uri.br\/mestrado_direito\/index.php\/wp-json\/wp\/v2\/types\/post"}],"author":[{"embeddable":true,"href":"https:\/\/san.uri.br\/mestrado_direito\/index.php\/wp-json\/wp\/v2\/users\/1"}],"replies":[{"embeddable":true,"href":"https:\/\/san.uri.br\/mestrado_direito\/index.php\/wp-json\/wp\/v2\/comments?post=2440"}],"version-history":[{"count":0,"href":"https:\/\/san.uri.br\/mestrado_direito\/index.php\/wp-json\/wp\/v2\/posts\/2440\/revisions"}],"wp:attachment":[{"href":"https:\/\/san.uri.br\/mestrado_direito\/index.php\/wp-json\/wp\/v2\/media?parent=2440"}],"wp:term":[{"taxonomy":"category","embeddable":true,"href":"https:\/\/san.uri.br\/mestrado_direito\/index.php\/wp-json\/wp\/v2\/categories?post=2440"},{"taxonomy":"post_tag","embeddable":true,"href":"https:\/\/san.uri.br\/mestrado_direito\/index.php\/wp-json\/wp\/v2\/tags?post=2440"}],"curies":[{"name":"wp","href":"https:\/\/api.w.org\/{rel}","templated":true}]}}