{"id":2426,"date":"2017-11-16T14:57:11","date_gmt":"2017-11-16T17:57:11","guid":{"rendered":"https:\/\/san.uri.br\/mestrado_direito\/?p=2426"},"modified":"2017-11-16T14:57:11","modified_gmt":"2017-11-16T17:57:11","slug":"curso-de-mediacao-escolar-para-professores-da-rede-publica-estadual-projeto-de-capacitacao-de-professores-em-tecnicas-de-mediacao-de-conflitos-2","status":"publish","type":"post","link":"https:\/\/san.uri.br\/mestrado_direito\/index.php\/2017\/11\/16\/curso-de-mediacao-escolar-para-professores-da-rede-publica-estadual-projeto-de-capacitacao-de-professores-em-tecnicas-de-mediacao-de-conflitos-2\/","title":{"rendered":"CURSO DE MEDIA\u00c7\u00c3O ESCOLAR PARA PROFESSORES DA REDE P\u00daBLICA ESTADUAL: Projeto de capacita\u00e7\u00e3o de professores em t\u00e9cnicas de media\u00e7\u00e3o de conflitos."},"content":{"rendered":"<p style=\"text-align: justify;\">Nesta segunda-feira, dia 13 de novembro foi realizado mais um encontro do\u00a0CURSO DE MEDIA\u00c7\u00c3O ESCOLAR PARA PROFESSORES DA REDE P\u00daBLICA ESTADUAL: Projeto de capacita\u00e7\u00e3o de professores em t\u00e9cnicas de media\u00e7\u00e3o de conflitos, desta vez realizado na sede da OAB\/RS. As atividades do grupo na noite versaram sobre a An\u00e1lise da Simula\u00e7\u00e3o de Media\u00e7\u00e3o. Na pr\u00f3xima segunda-feira, dia 20 de novembro, acontecer\u00e1 o \u00faltimo encontro do grupo, com programa\u00e7\u00e3o especial.<\/p>\n<p style=\"text-align: justify;\">\u00a0<br \/>\n<a href=\"https:\/\/san.uri.br\/mestrado_direito\/wp-content\/uploads\/2017\/11\/IMG_1482.jpg\"><br \/>\n<img loading=\"lazy\" class=\"alignnone size-medium wp-image-2430\" src=\"https:\/\/san.uri.br\/mestrado_direito\/wp-content\/uploads\/2017\/11\/IMG_1482-300x169.jpg\" alt=\"IMG_1482\" width=\"300\" height=\"169\" \/><\/a><\/p>\n<p><a href=\"https:\/\/san.uri.br\/mestrado_direito\/wp-content\/uploads\/2017\/11\/IMG_1481.jpg\"><br \/>\n<img loading=\"lazy\" class=\"alignnone size-medium wp-image-2429\" src=\"https:\/\/san.uri.br\/mestrado_direito\/wp-content\/uploads\/2017\/11\/IMG_1481-300x169.jpg\" alt=\"IMG_1481\" width=\"300\" height=\"169\" \/><\/a><\/p>\n<p><a href=\"https:\/\/san.uri.br\/mestrado_direito\/wp-content\/uploads\/2017\/11\/IMG_1480.jpg\"><br \/>\n<img loading=\"lazy\" class=\"alignnone size-medium wp-image-2428\" src=\"https:\/\/san.uri.br\/mestrado_direito\/wp-content\/uploads\/2017\/11\/IMG_1480-300x169.jpg\" alt=\"IMG_1480\" width=\"300\" height=\"169\" \/><\/a><\/p>\n<p><a href=\"https:\/\/san.uri.br\/mestrado_direito\/wp-content\/uploads\/2017\/11\/IMG_1479.jpg\"><br \/>\n<img loading=\"lazy\" class=\"alignnone size-medium wp-image-2427\" src=\"https:\/\/san.uri.br\/mestrado_direito\/wp-content\/uploads\/2017\/11\/IMG_1479-300x169.jpg\" alt=\"IMG_1479\" width=\"300\" height=\"169\" \/><\/a><\/p>\n","protected":false},"excerpt":{"rendered":"<p>Nesta segunda-feira, dia 13 de novembro foi realizado mais um encontro do\u00a0CURSO DE MEDIA\u00c7\u00c3O ESCOLAR PARA PROFESSORES DA REDE P\u00daBLICA ESTADUAL: Projeto de capacita\u00e7\u00e3o de professores em t\u00e9cnicas de media\u00e7\u00e3o de conflitos, desta vez realizado na sede da OAB\/RS. As atividades do grupo na noite versaram sobre a An\u00e1lise da Simula\u00e7\u00e3o de Media\u00e7\u00e3o. Na pr\u00f3xima [&hellip;]<\/p>\n","protected":false},"author":1,"featured_media":0,"comment_status":"closed","ping_status":"closed","sticky":false,"template":"","format":"standard","meta":[],"categories":[11,12,13],"tags":[],"_links":{"self":[{"href":"https:\/\/san.uri.br\/mestrado_direito\/index.php\/wp-json\/wp\/v2\/posts\/2426"}],"collection":[{"href":"https:\/\/san.uri.br\/mestrado_direito\/index.php\/wp-json\/wp\/v2\/posts"}],"about":[{"href":"https:\/\/san.uri.br\/mestrado_direito\/index.php\/wp-json\/wp\/v2\/types\/post"}],"author":[{"embeddable":true,"href":"https:\/\/san.uri.br\/mestrado_direito\/index.php\/wp-json\/wp\/v2\/users\/1"}],"replies":[{"embeddable":true,"href":"https:\/\/san.uri.br\/mestrado_direito\/index.php\/wp-json\/wp\/v2\/comments?post=2426"}],"version-history":[{"count":0,"href":"https:\/\/san.uri.br\/mestrado_direito\/index.php\/wp-json\/wp\/v2\/posts\/2426\/revisions"}],"wp:attachment":[{"href":"https:\/\/san.uri.br\/mestrado_direito\/index.php\/wp-json\/wp\/v2\/media?parent=2426"}],"wp:term":[{"taxonomy":"category","embeddable":true,"href":"https:\/\/san.uri.br\/mestrado_direito\/index.php\/wp-json\/wp\/v2\/categories?post=2426"},{"taxonomy":"post_tag","embeddable":true,"href":"https:\/\/san.uri.br\/mestrado_direito\/index.php\/wp-json\/wp\/v2\/tags?post=2426"}],"curies":[{"name":"wp","href":"https:\/\/api.w.org\/{rel}","templated":true}]}}