{"id":2412,"date":"2017-11-03T15:34:30","date_gmt":"2017-11-03T18:34:30","guid":{"rendered":"https:\/\/san.uri.br\/mestrado_direito\/?p=2412"},"modified":"2017-11-03T15:34:30","modified_gmt":"2017-11-03T18:34:30","slug":"2412","status":"publish","type":"post","link":"https:\/\/san.uri.br\/mestrado_direito\/index.php\/2017\/11\/03\/2412\/","title":{"rendered":"Aditamento edital de Sele\u00e7\u00e3o &#8211; Banca Examinadora"},"content":{"rendered":"<p><strong>ADITAMENTO AO EDITAL N0. 04\/2017-PPGD, DE 15 DE AGOSTO DE 2017, RELATIVO \u00c0 CONSTITUI\u00c7\u00c3O DOS MEMBROS DA BANCA EXAMINADORA DO PROCESSO SELETIVO DE CANDIDATOS \u00c0S TURMAS DE MESTRADO E DOUTORADO EM DIREITO.<\/strong><\/p>\n<p>&nbsp;<\/p>\n<p>link: https:\/\/san.uri.br\/mestrado_direito\/mestrado_direito\/?page_id=49&amp;lang=pt<\/p>\n<p>&nbsp;<\/p>\n","protected":false},"excerpt":{"rendered":"<p>ADITAMENTO AO EDITAL N0. 04\/2017-PPGD, DE 15 DE AGOSTO DE 2017, RELATIVO \u00c0 CONSTITUI\u00c7\u00c3O DOS MEMBROS DA BANCA EXAMINADORA DO PROCESSO SELETIVO DE CANDIDATOS \u00c0S TURMAS DE MESTRADO E DOUTORADO EM DIREITO. &nbsp; link: https:\/\/san.uri.br\/mestrado_direito\/mestrado_direito\/?page_id=49&amp;lang=pt &nbsp;<\/p>\n","protected":false},"author":1,"featured_media":0,"comment_status":"closed","ping_status":"closed","sticky":false,"template":"","format":"standard","meta":[],"categories":[11,12,13],"tags":[],"_links":{"self":[{"href":"https:\/\/san.uri.br\/mestrado_direito\/index.php\/wp-json\/wp\/v2\/posts\/2412"}],"collection":[{"href":"https:\/\/san.uri.br\/mestrado_direito\/index.php\/wp-json\/wp\/v2\/posts"}],"about":[{"href":"https:\/\/san.uri.br\/mestrado_direito\/index.php\/wp-json\/wp\/v2\/types\/post"}],"author":[{"embeddable":true,"href":"https:\/\/san.uri.br\/mestrado_direito\/index.php\/wp-json\/wp\/v2\/users\/1"}],"replies":[{"embeddable":true,"href":"https:\/\/san.uri.br\/mestrado_direito\/index.php\/wp-json\/wp\/v2\/comments?post=2412"}],"version-history":[{"count":0,"href":"https:\/\/san.uri.br\/mestrado_direito\/index.php\/wp-json\/wp\/v2\/posts\/2412\/revisions"}],"wp:attachment":[{"href":"https:\/\/san.uri.br\/mestrado_direito\/index.php\/wp-json\/wp\/v2\/media?parent=2412"}],"wp:term":[{"taxonomy":"category","embeddable":true,"href":"https:\/\/san.uri.br\/mestrado_direito\/index.php\/wp-json\/wp\/v2\/categories?post=2412"},{"taxonomy":"post_tag","embeddable":true,"href":"https:\/\/san.uri.br\/mestrado_direito\/index.php\/wp-json\/wp\/v2\/tags?post=2412"}],"curies":[{"name":"wp","href":"https:\/\/api.w.org\/{rel}","templated":true}]}}