{"id":2409,"date":"2017-11-03T15:33:23","date_gmt":"2017-11-03T18:33:23","guid":{"rendered":"https:\/\/san.uri.br\/mestrado_direito\/?p=2409"},"modified":"2017-11-03T15:33:23","modified_gmt":"2017-11-03T18:33:23","slug":"aditamento-ao-edital-banca-examinadora","status":"publish","type":"post","link":"https:\/\/san.uri.br\/mestrado_direito\/index.php\/2017\/11\/03\/aditamento-ao-edital-banca-examinadora\/","title":{"rendered":"Aditamento ao Edital &#8211; Banca Examinadora"},"content":{"rendered":"<p><strong>ADITAMENTO AO EDITAL N0. 04\/2017-PPGD, DE 15 DE AGOSTO DE 2017, RELATIVO \u00c0 CONSTITUI\u00c7\u00c3O DOS MEMBROS DA BANCA EXAMINADORA DO PROCESSO SELETIVO DE CANDIDATOS \u00c0S TURMAS DE MESTRADO E DOUTORADO EM DIREITO.<\/strong><\/p>\n<p><a href=\"https:\/\/san.uri.br\/mestrado_direito\/wp-content\/uploads\/2017\/11\/Aditamento-04.2017-ao-edital-04.2017_Clique_Aqui.pdf\">Aditamento 04.2017 ao edital 04.2017_Clique_Aqui!<\/a><\/p>\n","protected":false},"excerpt":{"rendered":"<p>ADITAMENTO AO EDITAL N0. 04\/2017-PPGD, DE 15 DE AGOSTO DE 2017, RELATIVO \u00c0 CONSTITUI\u00c7\u00c3O DOS MEMBROS DA BANCA EXAMINADORA DO PROCESSO SELETIVO DE CANDIDATOS \u00c0S TURMAS DE MESTRADO E DOUTORADO EM DIREITO. Aditamento 04.2017 ao edital 04.2017_Clique_Aqui!<\/p>\n","protected":false},"author":1,"featured_media":0,"comment_status":"closed","ping_status":"closed","sticky":false,"template":"","format":"standard","meta":[],"categories":[6,7],"tags":[],"_links":{"self":[{"href":"https:\/\/san.uri.br\/mestrado_direito\/index.php\/wp-json\/wp\/v2\/posts\/2409"}],"collection":[{"href":"https:\/\/san.uri.br\/mestrado_direito\/index.php\/wp-json\/wp\/v2\/posts"}],"about":[{"href":"https:\/\/san.uri.br\/mestrado_direito\/index.php\/wp-json\/wp\/v2\/types\/post"}],"author":[{"embeddable":true,"href":"https:\/\/san.uri.br\/mestrado_direito\/index.php\/wp-json\/wp\/v2\/users\/1"}],"replies":[{"embeddable":true,"href":"https:\/\/san.uri.br\/mestrado_direito\/index.php\/wp-json\/wp\/v2\/comments?post=2409"}],"version-history":[{"count":0,"href":"https:\/\/san.uri.br\/mestrado_direito\/index.php\/wp-json\/wp\/v2\/posts\/2409\/revisions"}],"wp:attachment":[{"href":"https:\/\/san.uri.br\/mestrado_direito\/index.php\/wp-json\/wp\/v2\/media?parent=2409"}],"wp:term":[{"taxonomy":"category","embeddable":true,"href":"https:\/\/san.uri.br\/mestrado_direito\/index.php\/wp-json\/wp\/v2\/categories?post=2409"},{"taxonomy":"post_tag","embeddable":true,"href":"https:\/\/san.uri.br\/mestrado_direito\/index.php\/wp-json\/wp\/v2\/tags?post=2409"}],"curies":[{"name":"wp","href":"https:\/\/api.w.org\/{rel}","templated":true}]}}