{"id":2328,"date":"2017-10-09T17:15:02","date_gmt":"2017-10-09T20:15:02","guid":{"rendered":"https:\/\/san.uri.br\/mestrado_direito\/?p=2328"},"modified":"2017-10-09T17:15:02","modified_gmt":"2017-10-09T20:15:02","slug":"x-congresso-de-multiculturalismo-direitos-humanos-e-cidadania-iii-seminario-catedra-luis-alberto-warat-v-mostra-de-trabalhos-juridicos-cientificos","status":"publish","type":"post","link":"https:\/\/san.uri.br\/mestrado_direito\/index.php\/2017\/10\/09\/x-congresso-de-multiculturalismo-direitos-humanos-e-cidadania-iii-seminario-catedra-luis-alberto-warat-v-mostra-de-trabalhos-juridicos-cientificos\/","title":{"rendered":"X CONGRESSO DE MULTICULTURALISMO, DIREITOS HUMANOS E CIDADANIA \u2013 III SEMIN\u00c1RIO C\u00c1TEDRA LUIS ALBERTO WARAT \u2013 V MOSTRA DE TRABALHOS JUR\u00cdDICOS CIENT\u00cdFICOS"},"content":{"rendered":"<p style=\"text-align: justify;\">O PPGDireito da URI\/SAN promove o X CONGRESSO DE MULTICULTURALISMO, DIREITOS HUMANOS E CIDADANIA \u2013 III SEMIN\u00c1RIO C\u00c1TEDRA LUIS ALBERTO WARAT \u2013 V MOSTRA DE TRABALHOS JUR\u00cdDICOS CIENT\u00cdFICOS.<\/p>\n<p style=\"text-align: justify;\">O Evento contar\u00e1 com a participa\u00e7\u00e3o de diversos palestrantes e com oportunidade de publica\u00e7\u00e3o de artigos cient\u00edficos. Para ter acesso \u00e0s normas de submiss\u00e3o e demais informa\u00e7\u00f5es acesse o site http:\/\/www.santoangelo.uri.br\/congresso_dir\/<\/p>\n<p><a href=\"https:\/\/san.uri.br\/mestrado_direito\/wp-content\/uploads\/2017\/10\/Sem-t\u00edtulo.png\"><br \/>\n<img loading=\"lazy\" class=\"alignnone size-medium wp-image-2331\" src=\"https:\/\/san.uri.br\/mestrado_direito\/wp-content\/uploads\/2017\/10\/Sem-t\u00edtulo-300x145.png\" alt=\"Sem t\u00edtulo\" width=\"300\" height=\"145\" \/><\/a><\/p>\n<p><strong>PROGRAMA\u00c7\u00c3O<\/strong><\/p>\n<p><strong>16.10.2017\u00a0\u2013 Segunda-feira<\/strong><\/p>\n<p><strong>NOITE (19h \u00e0s 22h30min)<\/strong><\/p>\n<p><strong>Prof. Dr. Gustavo Oliveira de Lima Pereira PUCRS<\/strong>\u00a0\u2013 Pontif\u00edcia Universidade Cat\u00f3lica do Rio Grande do Sul\/PUCRS<\/p>\n<p><strong>Palestra:\u00a0<\/strong>Hospitalidade e a globaliza\u00e7\u00e3o da indiferen\u00e7a no percurso biopol\u00edtico dos refugiados<\/p>\n<p><strong>Prof. Dr. Jos\u00e9 Luiz Bolzan de Morais \u2013 UNISINOS<\/strong><\/p>\n<p><strong>Palestra:\u00a0<\/strong>Para sair do \u201cpot au noir\u201d na quest\u00e3o migrat\u00f3ria<\/p>\n<p><strong>AUDIT\u00d3RIO \u2013 PR\u00c9DIO 5<\/strong><\/p>\n<p><strong>17.10.2017\u00a0\u2013 Ter\u00e7a-feira<\/strong><\/p>\n<p><strong>MANH\u00c3 (8h30 \u00e0s 11h)<\/strong><\/p>\n<p><strong>Prof. Dr. Mariano Ferro \u2013 UBA<\/strong>\u00a0\u2013 Universidade de Buenos Aires\/UBA<\/p>\n<p><strong>Palestra:<\/strong>\u00a0Conflitos ambientais nas bacias metropolitanas da Grande Buenos Aires, no contexto da Bacia do Rio de La Plata<\/p>\n<p><strong>Prof. Dr. Marcelo Labanca C\u00f4rrea de Ara\u00fajo \u2013 UNICAP<\/strong>\u00a0\u2013 Universidade Cat\u00f3lica de Pernambuco\/UNICAP<\/p>\n<p><strong>Palestra:\u00a0<\/strong>Direitos Fundamentais no plano subnacional: uniformidade e diferen\u00e7a na tutela de direitos<\/p>\n<p><strong>AUDIT\u00d3RIO DO PPGDireito \u2013 PR\u00c9DIO 18<\/strong><\/p>\n<p><strong>TARDE (13h30min \u00e0s 17h30min)<\/strong><\/p>\n<p><strong>Mostra<\/strong><\/p>\n<p>GT 1 \u2013 Cidadania, Direitos Culturais e Minorias Socioetnicas;<\/p>\n<p>GT 2 \u2013 Movimentos Sociais e Direitos Humanos;<\/p>\n<p>GT 3 \u2013 Igualdade, Diferen\u00e7a e G\u00eanero;<\/p>\n<p>GT 4 \u2013 Conflitos, Democracia e Constitui\u00e7\u00e3o;<\/p>\n<p>GT 5 \u2013 Imigra\u00e7\u00e3o, Intera\u00e7\u00f5es Regionais e Multiculturalismo;<\/p>\n<p>GT 6 \u2013 Democracia, Pol\u00edtica e Cidadania;<\/p>\n<p>GT 7 \u2013 Media\u00e7\u00e3o em Luis Alberto Warat: alteridade e autonomia;<\/p>\n<p>GT 8 \u2013 Biodiversidade e Pol\u00edticas P\u00fablicas.<\/p>\n<p><strong>NOITE (19h \u00e0s 22h30min)<\/strong><\/p>\n<p><strong>Profa. Me. Carolina Suptitz \u2013 FADISMA<\/strong>\u00a0\u2013 Faculdade de Direito de Santa Maria\/FADISMA<\/p>\n<p><strong>Palestra:\u00a0<\/strong>O resgate necess\u00e1rio do feminino perdido<\/p>\n<p><strong>Prof. Dr. Luiz Ernani Bonesso \u2013 UFSM<\/strong>\u00a0\u2013 Universidade Federal de Santa Maria\/UFSM<\/p>\n<p><strong>Palestra:<\/strong>\u00a0Sociobiodiversidade e Direitos Humanos<\/p>\n<p><strong>AUDIT\u00d3RIO \u2013 PR\u00c9DIO 13<\/strong><\/p>\n<p><strong>18.10.2017\u00a0\u2013 Quarta-feira<\/strong><\/p>\n<p><strong>MANH\u00c3 (8h30 \u00e0s 11h)<\/strong><\/p>\n<p><strong>Prof. Dr. Paulo Roberto Ramos Alves \u2013 UPF<\/strong>&#8211; Universidade de Passo Fundo\/UPF<\/p>\n<p><strong>T\u00edtulo:\u00a0<\/strong>Policontexturalidade e Constitucionalismo Global<\/p>\n<p><strong>Prof. Dr. Javier Echaide -UBA<\/strong>\u00a0\u2013 Universidade de Buenos Aires\/UBA<\/p>\n<p><strong>Palestra:\u00a0<\/strong>Derecho humano al agua: \u00bfciudadan\u00eda restringida o plena? El caso de las demandas contra Argentina ante el CIADI sobre agua potable y saneamiento<\/p>\n<p><strong>AUDIT\u00d3RIO DO PPGDireito \u2013 PR\u00c9DIO 18<\/strong><\/p>\n<p><strong>TARDE (13h30min \u00e0s 17h30min)<\/strong><\/p>\n<p>Oficina de Direitos<strong>\u00a0\u2013 C\u00e1tedra Luis Alberto Warat<\/strong><\/p>\n<p><strong>Professores Leonel Severo Rocha, Andr\u00e9 Copetti Santos, Alceb\u00edades de Oliveira Junior e Jo\u00e3o Martins Bertaso<\/strong><\/p>\n<p><strong>AUDIT\u00d3RIO DO PPGDireito \u2013 PR\u00c9DIO 18<\/strong><\/p>\n<p><strong>NOITE (19h \u00e0s 22h30min)<\/strong><\/p>\n<p><strong>Prof. Dr. Marcos Leite Garcia \u2013 UNIVALI-UPF<\/strong>\u00a0\u2013 Universidade do Vale do Itaja\u00ed\/UNIVALI<\/p>\n<p><strong>Palestra:<\/strong>\u00a0Os Desafios da Democracia e dos Direitos Humanos numa Sociedade Multicultural<\/p>\n<p><strong>Prof. Dr. Paulo de Tarso Brand\u00e3o \u2013 UNIVALI<\/strong>\u00a0\u2013 Universidade do Vale do Itaja\u00ed\/UNIVALI<\/p>\n<p><strong>Palestra:<\/strong>\u00a0Limita\u00e7\u00e3o de Direitos Fundamentais no Brasil: um estudo sobre Regras, Princ\u00edpios e Pondera\u00e7\u00e3o<\/p>\n<p><strong>AUDIT\u00d3RIO \u2013 PR\u00c9DIO 13<\/strong><\/p>\n<p>&nbsp;<\/p>\n","protected":false},"excerpt":{"rendered":"<p>O PPGDireito da URI\/SAN promove o X CONGRESSO DE MULTICULTURALISMO, DIREITOS HUMANOS E CIDADANIA \u2013 III SEMIN\u00c1RIO C\u00c1TEDRA LUIS ALBERTO WARAT \u2013 V MOSTRA DE TRABALHOS JUR\u00cdDICOS CIENT\u00cdFICOS. O Evento contar\u00e1 com a participa\u00e7\u00e3o de diversos palestrantes e com oportunidade de publica\u00e7\u00e3o de artigos cient\u00edficos. Para ter acesso \u00e0s normas de submiss\u00e3o e demais informa\u00e7\u00f5es [&hellip;]<\/p>\n","protected":false},"author":1,"featured_media":0,"comment_status":"closed","ping_status":"closed","sticky":false,"template":"","format":"standard","meta":[],"categories":[11,12,13],"tags":[],"_links":{"self":[{"href":"https:\/\/san.uri.br\/mestrado_direito\/index.php\/wp-json\/wp\/v2\/posts\/2328"}],"collection":[{"href":"https:\/\/san.uri.br\/mestrado_direito\/index.php\/wp-json\/wp\/v2\/posts"}],"about":[{"href":"https:\/\/san.uri.br\/mestrado_direito\/index.php\/wp-json\/wp\/v2\/types\/post"}],"author":[{"embeddable":true,"href":"https:\/\/san.uri.br\/mestrado_direito\/index.php\/wp-json\/wp\/v2\/users\/1"}],"replies":[{"embeddable":true,"href":"https:\/\/san.uri.br\/mestrado_direito\/index.php\/wp-json\/wp\/v2\/comments?post=2328"}],"version-history":[{"count":0,"href":"https:\/\/san.uri.br\/mestrado_direito\/index.php\/wp-json\/wp\/v2\/posts\/2328\/revisions"}],"wp:attachment":[{"href":"https:\/\/san.uri.br\/mestrado_direito\/index.php\/wp-json\/wp\/v2\/media?parent=2328"}],"wp:term":[{"taxonomy":"category","embeddable":true,"href":"https:\/\/san.uri.br\/mestrado_direito\/index.php\/wp-json\/wp\/v2\/categories?post=2328"},{"taxonomy":"post_tag","embeddable":true,"href":"https:\/\/san.uri.br\/mestrado_direito\/index.php\/wp-json\/wp\/v2\/tags?post=2328"}],"curies":[{"name":"wp","href":"https:\/\/api.w.org\/{rel}","templated":true}]}}