{"id":2325,"date":"2017-10-09T17:07:04","date_gmt":"2017-10-09T20:07:04","guid":{"rendered":"https:\/\/san.uri.br\/mestrado_direito\/?p=2325"},"modified":"2017-10-09T17:07:04","modified_gmt":"2017-10-09T20:07:04","slug":"professores-do-ppgd-palestram-em-congresso-na-unochapeco","status":"publish","type":"post","link":"https:\/\/san.uri.br\/mestrado_direito\/index.php\/2017\/10\/09\/professores-do-ppgd-palestram-em-congresso-na-unochapeco\/","title":{"rendered":"Professores do PPGD palestram em Congresso na Unochapec\u00f3"},"content":{"rendered":"<p><a href=\"https:\/\/san.uri.br\/mestrado_direito\/wp-content\/uploads\/2017\/10\/DelOlmo-em-Chapec\u00f3.jpg\"><br \/>\n<img loading=\"lazy\" class=\"alignnone size-medium wp-image-2326\" src=\"https:\/\/san.uri.br\/mestrado_direito\/wp-content\/uploads\/2017\/10\/DelOlmo-em-Chapec\u00f3-225x300.jpg\" alt=\"DelOlmo-em-Chapec\u00f3\" width=\"225\" height=\"300\" \/><\/a><\/p>\n<p style=\"text-align: justify;\">O Programa de P\u00f3s-Gradua\u00e7\u00e3o\u00a0<em>Stricto Sensu<\/em>\u00a0em Direito \u2013 Mestrado e Doutorado da URI,\u00a0<em>Campus<\/em>\u00a0Santo \u00c2ngelo, teve ativa participa\u00e7\u00e3o no\u00a0<em>II Congresso Rela\u00e7\u00f5es Internacionais, Direito e Poder: Atores Globais e a Constru\u00e7\u00e3o do Paradigma da Paz<\/em>, realizado nos dias 3, 4 e 5 de outubro pelo Grupo de Pesquisa Rela\u00e7\u00f5es Internacionais, Direito e Poder, da Universidade Comunit\u00e1ria da Regi\u00e3o de Chapec\u00f3, SC.<\/p>\n<p style=\"text-align: justify;\">O evento contou com a participa\u00e7\u00e3o de mais de uma dezena de renomados especialistas de sete universidades p\u00fablicas e privadas dos quatro estados do sul do Brasil. Tr\u00eas dos palestrantes s\u00e3o professores do Programa de P\u00f3s-Gradua\u00e7\u00e3o Stricto Sensu em Direito \u2013 Mestrado e Doutorado e do Curso de Gradua\u00e7\u00e3o em Direito da URI.<\/p>\n<p style=\"text-align: justify;\">O professor doutor Gilmar Ant\u00f4nio Bedin falou na abertura do Congresso, sobre\u00a0<strong><em>Estado de Direito e Rela\u00e7\u00f5es Internacionais: \u00c9 Poss\u00edvel o Direito Substituir o Poder na Sociedade Internacional?<\/em><\/strong><strong>\u00a0No dia seguinte, quarta-feira, \u00e0s 19<\/strong><strong>h<\/strong><strong>s, foi a vez do\u00a0<\/strong><strong>professor doutor\u00a0<\/strong><strong>Jos\u00e9 Francisco Dias da Costa Lyra discorrer sobre\u00a0<em>A Sobrecriminaliza\u00e7\u00e3o ou a Tend\u00eancia de Governar pelo Crime e a Produ\u00e7\u00e3o de Castigos Injustos: os Excessos do Farmakon Direito Penal da Modernidade<\/em>; e do\u00a0<\/strong><strong>professor doutor\u00a0<\/strong>Florisbal de Souza Del\u00b4Olmo tecer\u00a0<strong><em>Reflex\u00f5es sobre o Protagonismo da Am\u00e9rica Latina no S\u00e9culo XXI<\/em><\/strong><strong>. \u00a0<\/strong><\/p>\n<p style=\"text-align: justify;\"><strong>Os\u00a0<\/strong><strong>p<\/strong><strong>rofessores Del\u00b4Olmo e Lyra, que s\u00e3o os l\u00edderes do\u00a0<\/strong>Grupo de Pesquisa\u00a0<em>CNPq Tutela dos Direitos e sua Efetividade<\/em>, foram ainda membros avaliadores dos Grupos de Trabalho.<\/p>\n","protected":false},"excerpt":{"rendered":"<p>O Programa de P\u00f3s-Gradua\u00e7\u00e3o\u00a0Stricto Sensu\u00a0em Direito \u2013 Mestrado e Doutorado da URI,\u00a0Campus\u00a0Santo \u00c2ngelo, teve ativa participa\u00e7\u00e3o no\u00a0II Congresso Rela\u00e7\u00f5es Internacionais, Direito e Poder: Atores Globais e a Constru\u00e7\u00e3o do Paradigma da Paz, realizado nos dias 3, 4 e 5 de outubro pelo Grupo de Pesquisa Rela\u00e7\u00f5es Internacionais, Direito e Poder, da Universidade Comunit\u00e1ria da Regi\u00e3o [&hellip;]<\/p>\n","protected":false},"author":1,"featured_media":0,"comment_status":"closed","ping_status":"closed","sticky":false,"template":"","format":"standard","meta":[],"categories":[11,12,13,15],"tags":[],"_links":{"self":[{"href":"https:\/\/san.uri.br\/mestrado_direito\/index.php\/wp-json\/wp\/v2\/posts\/2325"}],"collection":[{"href":"https:\/\/san.uri.br\/mestrado_direito\/index.php\/wp-json\/wp\/v2\/posts"}],"about":[{"href":"https:\/\/san.uri.br\/mestrado_direito\/index.php\/wp-json\/wp\/v2\/types\/post"}],"author":[{"embeddable":true,"href":"https:\/\/san.uri.br\/mestrado_direito\/index.php\/wp-json\/wp\/v2\/users\/1"}],"replies":[{"embeddable":true,"href":"https:\/\/san.uri.br\/mestrado_direito\/index.php\/wp-json\/wp\/v2\/comments?post=2325"}],"version-history":[{"count":0,"href":"https:\/\/san.uri.br\/mestrado_direito\/index.php\/wp-json\/wp\/v2\/posts\/2325\/revisions"}],"wp:attachment":[{"href":"https:\/\/san.uri.br\/mestrado_direito\/index.php\/wp-json\/wp\/v2\/media?parent=2325"}],"wp:term":[{"taxonomy":"category","embeddable":true,"href":"https:\/\/san.uri.br\/mestrado_direito\/index.php\/wp-json\/wp\/v2\/categories?post=2325"},{"taxonomy":"post_tag","embeddable":true,"href":"https:\/\/san.uri.br\/mestrado_direito\/index.php\/wp-json\/wp\/v2\/tags?post=2325"}],"curies":[{"name":"wp","href":"https:\/\/api.w.org\/{rel}","templated":true}]}}