{"id":2315,"date":"2017-10-09T08:05:21","date_gmt":"2017-10-09T11:05:21","guid":{"rendered":"https:\/\/san.uri.br\/mestrado_direito\/?p=2315"},"modified":"2017-10-09T08:05:21","modified_gmt":"2017-10-09T11:05:21","slug":"integrantes-do-curso-de-mediacao-escolar-visitam-a-catedra-warat-na-uri","status":"publish","type":"post","link":"https:\/\/san.uri.br\/mestrado_direito\/index.php\/2017\/10\/09\/integrantes-do-curso-de-mediacao-escolar-visitam-a-catedra-warat-na-uri\/","title":{"rendered":"Integrantes do Curso de Media\u00e7\u00e3o Escolar visitam a C\u00e1tedra Warat na URI"},"content":{"rendered":"<p style=\"text-align: justify;\">Na segunda-feira, dia 02 de outubro, no m\u00f3dulo II, sobre o tema de &#8220;Media\u00e7\u00e3o em Luis Alberto Warat e cultura da paz&#8221;\u00a0os integrantes do CURSO DE MEDIA\u00c7\u00c3O ESCOLAR PARA PROFESSORES DA REDE P\u00daBLICA ESTADUAL, realizaram visita \u00e0 C\u00e1tedra Luis Alberto Warat, localizada do pr\u00e9dio da Biblioteca (pr\u00e9dio 10) da URI, campus de Santo \u00c2ngelo.<\/p>\n<div>\u00a0<a href=\"https:\/\/san.uri.br\/mestrado_direito\/wp-content\/uploads\/2017\/10\/IMG_0950.jpg\"><br \/>\n<img loading=\"lazy\" class=\"alignnone size-medium wp-image-2316\" src=\"https:\/\/san.uri.br\/mestrado_direito\/wp-content\/uploads\/2017\/10\/IMG_0950-300x149.jpg\" alt=\"IMG_0950\" width=\"300\" height=\"149\" \/><\/a><\/div>\n<div><a href=\"https:\/\/san.uri.br\/mestrado_direito\/wp-content\/uploads\/2017\/10\/IMG_0951.jpg\"><br \/>\n<img loading=\"lazy\" class=\"alignnone size-medium wp-image-2317\" src=\"https:\/\/san.uri.br\/mestrado_direito\/wp-content\/uploads\/2017\/10\/IMG_0951-300x169.jpg\" alt=\"IMG_0951\" width=\"300\" height=\"169\" \/><\/a><\/div>\n","protected":false},"excerpt":{"rendered":"<p>Na segunda-feira, dia 02 de outubro, no m\u00f3dulo II, sobre o tema de &#8220;Media\u00e7\u00e3o em Luis Alberto Warat e cultura da paz&#8221;\u00a0os integrantes do CURSO DE MEDIA\u00c7\u00c3O ESCOLAR PARA PROFESSORES DA REDE P\u00daBLICA ESTADUAL, realizaram visita \u00e0 C\u00e1tedra Luis Alberto Warat, localizada do pr\u00e9dio da Biblioteca (pr\u00e9dio 10) da URI, campus de Santo \u00c2ngelo. \u00a0<\/p>\n","protected":false},"author":1,"featured_media":0,"comment_status":"closed","ping_status":"closed","sticky":false,"template":"","format":"standard","meta":[],"categories":[11,12,13,15],"tags":[],"_links":{"self":[{"href":"https:\/\/san.uri.br\/mestrado_direito\/index.php\/wp-json\/wp\/v2\/posts\/2315"}],"collection":[{"href":"https:\/\/san.uri.br\/mestrado_direito\/index.php\/wp-json\/wp\/v2\/posts"}],"about":[{"href":"https:\/\/san.uri.br\/mestrado_direito\/index.php\/wp-json\/wp\/v2\/types\/post"}],"author":[{"embeddable":true,"href":"https:\/\/san.uri.br\/mestrado_direito\/index.php\/wp-json\/wp\/v2\/users\/1"}],"replies":[{"embeddable":true,"href":"https:\/\/san.uri.br\/mestrado_direito\/index.php\/wp-json\/wp\/v2\/comments?post=2315"}],"version-history":[{"count":0,"href":"https:\/\/san.uri.br\/mestrado_direito\/index.php\/wp-json\/wp\/v2\/posts\/2315\/revisions"}],"wp:attachment":[{"href":"https:\/\/san.uri.br\/mestrado_direito\/index.php\/wp-json\/wp\/v2\/media?parent=2315"}],"wp:term":[{"taxonomy":"category","embeddable":true,"href":"https:\/\/san.uri.br\/mestrado_direito\/index.php\/wp-json\/wp\/v2\/categories?post=2315"},{"taxonomy":"post_tag","embeddable":true,"href":"https:\/\/san.uri.br\/mestrado_direito\/index.php\/wp-json\/wp\/v2\/tags?post=2315"}],"curies":[{"name":"wp","href":"https:\/\/api.w.org\/{rel}","templated":true}]}}