{"id":2299,"date":"2017-10-02T17:12:15","date_gmt":"2017-10-02T20:12:15","guid":{"rendered":"https:\/\/san.uri.br\/mestrado_direito\/?p=2299"},"modified":"2017-10-02T17:12:15","modified_gmt":"2017-10-02T20:12:15","slug":"professor-delolmo-participa-de-seminario-sobre-direitos-fundamentais-na-ufpel","status":"publish","type":"post","link":"https:\/\/san.uri.br\/mestrado_direito\/index.php\/2017\/10\/02\/professor-delolmo-participa-de-seminario-sobre-direitos-fundamentais-na-ufpel\/","title":{"rendered":"Professor Del\u2019Olmo participa de Semin\u00e1rio sobre Direitos Fundamentais na UFPel"},"content":{"rendered":"<div class=\"art-layout-cell post-layout-item-1\">\n<div class=\"margem_div\">\n<article id=\"post-14111\" class=\"art-post art-article  post-14111 post type-post status-publish format-standard hentry category-noticias\">\n<div class=\"art-postcontent clearfix justificar_txt\">\n<p><a href=\"https:\/\/san.uri.br\/mestrado_direito\/wp-content\/uploads\/2017\/10\/DelOlmo-na-UFPel-300x225.jpg\"><br \/>\n<img loading=\"lazy\" class=\"alignnone size-medium wp-image-2300\" src=\"https:\/\/san.uri.br\/mestrado_direito\/wp-content\/uploads\/2017\/10\/DelOlmo-na-UFPel-300x225-300x225.jpg\" alt=\"DelOlmo-na-UFPel-300x225\" width=\"300\" height=\"225\" \/><\/a><\/p>\n<p style=\"text-align: justify;\">O professor Florisbal de Souza Del\u2019Olmo, do Programa de P\u00f3s-Gradua\u00e7\u00e3o\u00a0<em>Stricto Sensu<\/em>\u00a0Mestrado e Doutorado em Direito e da Gradua\u00e7\u00e3o da URI, participou de Semin\u00e1rio na Universidade Federal de Pelotas. O encontro, organizado pelo Programa de P\u00f3s-Gradua\u00e7\u00e3o\u00a0<em>Stricto Sensu<\/em>\u00a0Mestrado daquela Universidade dias 28 e 29 de setembro, teve como tem\u00e1tica central\u00a0<em>Direitos Fundamentais e Vulnerabilidade Social<\/em>.<\/p>\n<p style=\"text-align: justify;\">Em mesa coordenada pela professora Ivone da Gra\u00e7a Nunes Homrich, que abriu o III Semin\u00e1rio, Del\u00b4Olmo discorreu sobre o tema \u201cOs Refugiados e os Direitos Humanos: fugir para viver ou viver fugindo\u201d, buscando responder \u00e0s quest\u00f5es\u00a0<em>Como conceituar Refugiado?<\/em>\u00a0e<em>\u00a0Como o Brasil trata essas pessoas?<\/em>\u00a0O professor destacou que at\u00e9 o s\u00e9culo XX os refugiados n\u00e3o mereceram qualquer aten\u00e7\u00e3o no Direito Internacional, havendo apenas a\u00e7\u00f5es isoladas, pontuais e tempor\u00e1rias nas legisla\u00e7\u00f5es internas de alguns pa\u00edses.<\/p>\n<p style=\"text-align: justify;\">Na ocasi\u00e3o, o professor Del\u00b4Olmo fez entrega de exemplares de obras produzidas pelos pesquisadores \u2013 professores, mestrandos e doutorandos \u2013 do PPGD da URI, ao novo Programa de Mestrado em Direito da UFPel, recebendo, ademais, obras publicadas pelo Programa pelotense.<\/p>\n<p style=\"text-align: justify;\">\n<\/div>\n<\/article>\n<\/div>\n<\/div>\n","protected":false},"excerpt":{"rendered":"<p>O professor Florisbal de Souza Del\u2019Olmo, do Programa de P\u00f3s-Gradua\u00e7\u00e3o\u00a0Stricto Sensu\u00a0Mestrado e Doutorado em Direito e da Gradua\u00e7\u00e3o da URI, participou de Semin\u00e1rio na Universidade Federal de Pelotas. O encontro, organizado pelo Programa de P\u00f3s-Gradua\u00e7\u00e3o\u00a0Stricto Sensu\u00a0Mestrado daquela Universidade dias 28 e 29 de setembro, teve como tem\u00e1tica central\u00a0Direitos Fundamentais e Vulnerabilidade Social. Em mesa coordenada [&hellip;]<\/p>\n","protected":false},"author":1,"featured_media":0,"comment_status":"closed","ping_status":"closed","sticky":false,"template":"","format":"standard","meta":[],"categories":[11,12],"tags":[],"_links":{"self":[{"href":"https:\/\/san.uri.br\/mestrado_direito\/index.php\/wp-json\/wp\/v2\/posts\/2299"}],"collection":[{"href":"https:\/\/san.uri.br\/mestrado_direito\/index.php\/wp-json\/wp\/v2\/posts"}],"about":[{"href":"https:\/\/san.uri.br\/mestrado_direito\/index.php\/wp-json\/wp\/v2\/types\/post"}],"author":[{"embeddable":true,"href":"https:\/\/san.uri.br\/mestrado_direito\/index.php\/wp-json\/wp\/v2\/users\/1"}],"replies":[{"embeddable":true,"href":"https:\/\/san.uri.br\/mestrado_direito\/index.php\/wp-json\/wp\/v2\/comments?post=2299"}],"version-history":[{"count":0,"href":"https:\/\/san.uri.br\/mestrado_direito\/index.php\/wp-json\/wp\/v2\/posts\/2299\/revisions"}],"wp:attachment":[{"href":"https:\/\/san.uri.br\/mestrado_direito\/index.php\/wp-json\/wp\/v2\/media?parent=2299"}],"wp:term":[{"taxonomy":"category","embeddable":true,"href":"https:\/\/san.uri.br\/mestrado_direito\/index.php\/wp-json\/wp\/v2\/categories?post=2299"},{"taxonomy":"post_tag","embeddable":true,"href":"https:\/\/san.uri.br\/mestrado_direito\/index.php\/wp-json\/wp\/v2\/tags?post=2299"}],"curies":[{"name":"wp","href":"https:\/\/api.w.org\/{rel}","templated":true}]}}