{"id":1081,"date":"2016-02-17T07:28:07","date_gmt":"2016-02-17T10:28:07","guid":{"rendered":"https:\/\/san.uri.br\/mestrado_direito\/?p=1081"},"modified":"2016-02-17T07:28:07","modified_gmt":"2016-02-17T10:28:07","slug":"bolsistas-turma-2016","status":"publish","type":"post","link":"https:\/\/san.uri.br\/mestrado_direito\/index.php\/2016\/02\/17\/bolsistas-turma-2016\/","title":{"rendered":"Bolsistas Turma 2016"},"content":{"rendered":"<p>Candidatos integrante da turma 2016, selecionados pela Comiss\u00e3o de Sele\u00e7\u00e3o de Bolsistas do Programa de P\u00f3s-Gradua\u00e7\u00e3o Stricto Sensu \u2013 Mestrado em Direito, em atendimento ao Edital do Programa CAPES\/PROSUP.<\/p>\n<p>Mestrandos selecionados:<a href=\"https:\/\/san.uri.br\/mestrado_direito\/wp-content\/uploads\/2016\/02\/Bolsistas-Turma-2016.pdf\">Bolsistas Turma 2016<\/a><br \/>\n<a href=\"https:\/\/san.uri.br\/mestrado_direito\/wp-content\/uploads\/2016\/02\/Bolsistas-Turma-20161.pdf\">Bolsistas Turma 2016 &#8211; clique aqui!<\/a><\/p>\n<p>&nbsp;<\/p>\n<p><strong>1\u00ba Diego Guilherme Rotta<\/strong><\/p>\n<p><strong>2\u00ba Carhla de Oliveira Alves<\/strong><\/p>\n<p><strong>3\u00ba Camila Duarte<\/strong><\/p>\n<p><strong><br \/>\n<\/strong><\/p>\n<p>Comiss\u00e3o de Sele\u00e7\u00e3o de Bolsistas:<\/p>\n<p>Dr. Jacson Roberto Cervi<\/p>\n<p>Dr. Noli Bernardo Hahn<\/p>\n<p>Dr. Osmar Veronese<\/p>\n<p>&nbsp;<\/p>\n","protected":false},"excerpt":{"rendered":"<p>Candidatos integrante da turma 2016, selecionados pela Comiss\u00e3o de Sele\u00e7\u00e3o de Bolsistas do Programa de P\u00f3s-Gradua\u00e7\u00e3o Stricto Sensu \u2013 Mestrado em Direito, em atendimento ao Edital do Programa CAPES\/PROSUP. Mestrandos selecionados:Bolsistas Turma 2016 Bolsistas Turma 2016 &#8211; clique aqui! &nbsp; 1\u00ba Diego Guilherme Rotta 2\u00ba Carhla de Oliveira Alves 3\u00ba Camila Duarte Comiss\u00e3o de Sele\u00e7\u00e3o [&hellip;]<\/p>\n","protected":false},"author":1,"featured_media":0,"comment_status":"closed","ping_status":"closed","sticky":false,"template":"","format":"standard","meta":[],"categories":[1],"tags":[],"_links":{"self":[{"href":"https:\/\/san.uri.br\/mestrado_direito\/index.php\/wp-json\/wp\/v2\/posts\/1081"}],"collection":[{"href":"https:\/\/san.uri.br\/mestrado_direito\/index.php\/wp-json\/wp\/v2\/posts"}],"about":[{"href":"https:\/\/san.uri.br\/mestrado_direito\/index.php\/wp-json\/wp\/v2\/types\/post"}],"author":[{"embeddable":true,"href":"https:\/\/san.uri.br\/mestrado_direito\/index.php\/wp-json\/wp\/v2\/users\/1"}],"replies":[{"embeddable":true,"href":"https:\/\/san.uri.br\/mestrado_direito\/index.php\/wp-json\/wp\/v2\/comments?post=1081"}],"version-history":[{"count":0,"href":"https:\/\/san.uri.br\/mestrado_direito\/index.php\/wp-json\/wp\/v2\/posts\/1081\/revisions"}],"wp:attachment":[{"href":"https:\/\/san.uri.br\/mestrado_direito\/index.php\/wp-json\/wp\/v2\/media?parent=1081"}],"wp:term":[{"taxonomy":"category","embeddable":true,"href":"https:\/\/san.uri.br\/mestrado_direito\/index.php\/wp-json\/wp\/v2\/categories?post=1081"},{"taxonomy":"post_tag","embeddable":true,"href":"https:\/\/san.uri.br\/mestrado_direito\/index.php\/wp-json\/wp\/v2\/tags?post=1081"}],"curies":[{"name":"wp","href":"https:\/\/api.w.org\/{rel}","templated":true}]}}