{"id":1049,"date":"2015-12-17T15:47:26","date_gmt":"2015-12-17T18:47:26","guid":{"rendered":"https:\/\/san.uri.br\/mestrado_direito\/?p=1049"},"modified":"2015-12-17T15:47:26","modified_gmt":"2015-12-17T18:47:26","slug":"resultado-final-processo-seletivo-turma-2016-2","status":"publish","type":"post","link":"https:\/\/san.uri.br\/mestrado_direito\/index.php\/2015\/12\/17\/resultado-final-processo-seletivo-turma-2016-2\/","title":{"rendered":"Resultado Final processo Seletivo Turma 2016"},"content":{"rendered":"<p><a href=\"https:\/\/san.uri.br\/mestrado_direito\/wp-content\/uploads\/2015\/12\/Sele\u00e7\u00e3o-turma-2016-resultado-final-divullga\u00e7\u00e3o3.pdf\">Sele\u00e7\u00e3o turma 2016 &#8211; resultado final <\/a><\/p>\n","protected":false},"excerpt":{"rendered":"<p>Sele\u00e7\u00e3o turma 2016 &#8211; resultado final<\/p>\n","protected":false},"author":1,"featured_media":0,"comment_status":"closed","ping_status":"closed","sticky":false,"template":"","format":"standard","meta":[],"categories":[11,1],"tags":[],"_links":{"self":[{"href":"https:\/\/san.uri.br\/mestrado_direito\/index.php\/wp-json\/wp\/v2\/posts\/1049"}],"collection":[{"href":"https:\/\/san.uri.br\/mestrado_direito\/index.php\/wp-json\/wp\/v2\/posts"}],"about":[{"href":"https:\/\/san.uri.br\/mestrado_direito\/index.php\/wp-json\/wp\/v2\/types\/post"}],"author":[{"embeddable":true,"href":"https:\/\/san.uri.br\/mestrado_direito\/index.php\/wp-json\/wp\/v2\/users\/1"}],"replies":[{"embeddable":true,"href":"https:\/\/san.uri.br\/mestrado_direito\/index.php\/wp-json\/wp\/v2\/comments?post=1049"}],"version-history":[{"count":0,"href":"https:\/\/san.uri.br\/mestrado_direito\/index.php\/wp-json\/wp\/v2\/posts\/1049\/revisions"}],"wp:attachment":[{"href":"https:\/\/san.uri.br\/mestrado_direito\/index.php\/wp-json\/wp\/v2\/media?parent=1049"}],"wp:term":[{"taxonomy":"category","embeddable":true,"href":"https:\/\/san.uri.br\/mestrado_direito\/index.php\/wp-json\/wp\/v2\/categories?post=1049"},{"taxonomy":"post_tag","embeddable":true,"href":"https:\/\/san.uri.br\/mestrado_direito\/index.php\/wp-json\/wp\/v2\/tags?post=1049"}],"curies":[{"name":"wp","href":"https:\/\/api.w.org\/{rel}","templated":true}]}}