{"id":4085,"date":"2026-09-01T15:51:00","date_gmt":"2026-09-01T18:51:00","guid":{"rendered":"https:\/\/san.uri.br\/extensao\/?p=4085"},"modified":"2026-09-01T15:56:28","modified_gmt":"2026-09-01T18:56:28","slug":"exame-de-proficiencia-em-lingua-estrangeira-ingles-e-espanhol-edital-001-2026","status":"publish","type":"post","link":"https:\/\/san.uri.br\/extensao\/index.php\/2026\/09\/01\/exame-de-proficiencia-em-lingua-estrangeira-ingles-e-espanhol-edital-001-2026\/","title":{"rendered":"EXAME DE PROFICI\u00caNCIA EM L\u00cdNGUA ESTRANGEIRA \u2013 INGL\u00caS E ESPANHOL \u2013 Edital 001\/2026"},"content":{"rendered":"\n<p><strong>Informa\u00e7\u00f5es:<\/strong><\/p>\n\n\n\n<ul><li>Inscri\u00e7\u00f5es: 03 a 30 de setembro de 2026 \u2013 \u201cSer\u00e3o aceitas somente inscri\u00e7\u00f5es realizadas at\u00e9 \u00e0s 23h59 (vinte e tr\u00eas horas e cinquenta e nove minutos) do dia 30 de setembro de 2026.\u201d<\/li><li>Categorias:<ul><li>Acad\u00eamicos dos Programas de Mestrado e Doutorado da URI: R$141,67<\/li><li>Professores, Alunos e T\u00e9cnico-Administrativos da URI: R$ 255,29<\/li><li>Demais interessados R$ 568,31<\/li><\/ul><\/li><\/ul>\n\n\n\n<ul><li>Prova: dia 16 de outubro de 2026, na Universidade Regional Integrada do Alto Uruguai e das Miss\u00f5es \u2013 URI \u2013 Campus de Santo \u00c2ngelo \u2013 Hor\u00e1rios:<ul><li>Prova de L\u00edngua Inglesa: 8h30 <\/li><li>Prova de L\u00edngua Espanhola: 14h<\/li><\/ul><\/li><li>Local: Sala 20207&nbsp;\u2013 Pr\u00e9dio 20 URI \u2013 Campus Santo \u00c2ngelo<\/li><\/ul>\n\n\n\n<p><strong>Editais<\/strong><\/p>\n\n\n\n<p><img src=\"https:\/\/san.uri.br\/extensao\/wp-content\/uploads\/2018\/11\/set74.gif\" alt=\"\">Edital 001\/2026 \u2013 Edital de abertura de inscri\u00e7\u00f5es para a realiza\u00e7\u00e3o de Exame&nbsp; de&nbsp; Profici\u00eancia&nbsp; em&nbsp; L\u00edngua&nbsp; Estrangeira&nbsp; \u2013&nbsp; Ingl\u00eas&nbsp; e&nbsp; Espanhol&nbsp;\u2013&nbsp;<a href=\"https:\/\/san.uri.br\/extensao\/wp-content\/uploads\/2026\/09\/edital_proficiencia2026.pdf\" target=\"_blank\" rel=\"noreferrer noopener\">Clique Aqui<\/a><\/p>\n\n\n\n<p><strong>Inscri\u00e7\u00f5es<\/strong><\/p>\n\n\n\n<ul><li>Acesso as inscri\u00e7\u00f5es \u2013&nbsp;Em Breve<\/li><\/ul>\n","protected":false},"excerpt":{"rendered":"<p>Informa\u00e7\u00f5es: Inscri\u00e7\u00f5es: 03 a 30 de setembro de 2026 \u2013 \u201cSer\u00e3o aceitas somente inscri\u00e7\u00f5es realizadas at\u00e9 \u00e0s 23h59 (vinte e tr\u00eas horas e cinquenta e nove minutos) do dia 30 de setembro de 2026.\u201d Categorias: Acad\u00eamicos dos Programas de Mestrado e Doutorado da URI: R$141,67 Professores, Alunos e T\u00e9cnico-Administrativos da URI: R$ 255,29 Demais interessados [&hellip;]<\/p>\n","protected":false},"author":1,"featured_media":0,"comment_status":"closed","ping_status":"closed","sticky":false,"template":"","format":"standard","meta":[],"categories":[8],"tags":[],"_links":{"self":[{"href":"https:\/\/san.uri.br\/extensao\/index.php\/wp-json\/wp\/v2\/posts\/4085"}],"collection":[{"href":"https:\/\/san.uri.br\/extensao\/index.php\/wp-json\/wp\/v2\/posts"}],"about":[{"href":"https:\/\/san.uri.br\/extensao\/index.php\/wp-json\/wp\/v2\/types\/post"}],"author":[{"embeddable":true,"href":"https:\/\/san.uri.br\/extensao\/index.php\/wp-json\/wp\/v2\/users\/1"}],"replies":[{"embeddable":true,"href":"https:\/\/san.uri.br\/extensao\/index.php\/wp-json\/wp\/v2\/comments?post=4085"}],"version-history":[{"count":3,"href":"https:\/\/san.uri.br\/extensao\/index.php\/wp-json\/wp\/v2\/posts\/4085\/revisions"}],"predecessor-version":[{"id":4090,"href":"https:\/\/san.uri.br\/extensao\/index.php\/wp-json\/wp\/v2\/posts\/4085\/revisions\/4090"}],"wp:attachment":[{"href":"https:\/\/san.uri.br\/extensao\/index.php\/wp-json\/wp\/v2\/media?parent=4085"}],"wp:term":[{"taxonomy":"category","embeddable":true,"href":"https:\/\/san.uri.br\/extensao\/index.php\/wp-json\/wp\/v2\/categories?post=4085"},{"taxonomy":"post_tag","embeddable":true,"href":"https:\/\/san.uri.br\/extensao\/index.php\/wp-json\/wp\/v2\/tags?post=4085"}],"curies":[{"name":"wp","href":"https:\/\/api.w.org\/{rel}","templated":true}]}}