{"id":3922,"date":"2025-09-09T02:15:52","date_gmt":"2025-09-09T05:15:52","guid":{"rendered":"https:\/\/san.uri.br\/extensao\/?p=3922"},"modified":"2026-02-03T17:57:52","modified_gmt":"2026-02-03T20:57:52","slug":"concurso-publico-destinado-ao-provimento-de-cargo-e-formacao-de-cadastro-reserva-prefeitura-municipal-de-sao-miguel-das-missoes","status":"publish","type":"post","link":"https:\/\/san.uri.br\/extensao\/index.php\/2025\/09\/09\/concurso-publico-destinado-ao-provimento-de-cargo-e-formacao-de-cadastro-reserva-prefeitura-municipal-de-sao-miguel-das-missoes\/","title":{"rendered":"CONCURSO P\u00daBLICO DESTINADO AO PROVIMENTO DE CARGO E FORMA\u00c7\u00c3O DE CADASTRO RESERVA &#8211; PREFEITURA MUNICIPAL DE S\u00c3O MIGUEL DAS MISS\u00d5ES"},"content":{"rendered":"\n<p><strong>Informa\u00e7\u00f5es:<\/strong><\/p>\n\n\n\n<ul><li>Inscri\u00e7\u00f5es: <s>17 de setembro a 6 de outubro de 2025<\/s> &#8211; 20 de outubro a 10 de novembro de 2025<\/li><\/ul>\n\n\n\n<p><strong>Valor da taxa de inscri\u00e7\u00e3o:<\/strong><\/p>\n\n\n\n<ul><li>Valor da taxa de inscri\u00e7\u00e3o:&nbsp;&nbsp;<strong>R$200,00<\/strong><\/li><\/ul>\n\n\n\n<p><strong>Cargo:<\/strong><\/p>\n\n\n\n<ul><li>Fonoaudi\u00f3logo &#8211; <a href=\"https:\/\/san.uri.br\/extensao\/wp-content\/uploads\/2025\/12\/prova_sao_miguel_missoes_fonoaudiologo.pdf\">Prova &#8211; Clique Aqui<\/a><\/li><\/ul>\n\n\n\n<div class=\"wp-block-image\"><figure class=\"aligncenter\"><img src=\"https:\/\/san.uri.br\/extensao\/wp-content\/uploads\/2019\/06\/linha_pontilhada.png\" alt=\"\"\/><\/figure><\/div>\n\n\n\n<p class=\"has-text-align-center\">Formul\u00e1rio de Recurso  &#8211; <a href=\"https:\/\/san.uri.br\/uri_concursos\/pm_sao_miguel_missoes2025\/\">Clique Aqui<\/a><\/p>\n\n\n\n<div class=\"wp-block-image\"><figure class=\"aligncenter\"><img src=\"https:\/\/san.uri.br\/extensao\/wp-content\/uploads\/2019\/06\/linha_pontilhada.png\" alt=\"\"\/><\/figure><\/div>\n\n\n\n<p><strong>Editais:<\/strong><\/p>\n\n\n\n<ul><li><img src=\"https:\/\/san.uri.br\/extensao\/wp-content\/uploads\/2018\/11\/set74.gif\">EDITAL N\u00ba11\/2025 &#8211; HOMOLOGA\u00c7\u00c3O DO CONCURSO &#8211; <a href=\"https:\/\/san.uri.br\/extensao\/wp-content\/uploads\/2025\/12\/edital11_2025_homologacao_do_concurso.pdf\">Clique Aqui<\/a><\/li><li>EDITAL N\u00ba10\/2025- RESULTADO AP\u00d3S O PER\u00cdODO DE RECURSOS &#8211; <a href=\"https:\/\/san.uri.br\/extensao\/wp-content\/uploads\/2025\/12\/edital10_2025-Resultado_Prova_Escrita-pos_periodo_de_recurso.pdf\">Clique Aqui<\/a><\/li><li>EDITAL N\u00ba09\/2025 &#8211; RESULTADO PRELIMINAR &#8211; <a href=\"https:\/\/san.uri.br\/extensao\/wp-content\/uploads\/2025\/12\/edital09_2025-resultado_preliminar_prova_escrita.pdf\">Clique Aqui<\/a><\/li><li>EDITAL N\u00ba08\/2025 &#8211; GABARITO PRELIMINAR &#8211;<a href=\"https:\/\/san.uri.br\/extensao\/wp-content\/uploads\/2025\/12\/edital08_2025-gabarito-preliminar.pdf\"> Clique Aqui <\/a><br>EDITAL N\u00ba07\/2025 &#8211; HOMOLOGA\u00c7\u00c3O DAS INSCRI\u00c7\u00d5ES AP\u00d3S O PER\u00cdODO DE RECURSO &#8211; <a href=\"https:\/\/san.uri.br\/extensao\/wp-content\/uploads\/2025\/11\/edital07_2025-homologacao_inscricoes_pos_periodo_recurso.pdf\">Clique Aqui<\/a><\/li><li>EDITAL N\u00ba06\/2025 &#8211; RETIFICA\u00c7\u00c3O AO EDITAL N\u00ba 05\/2025 &#8211; <a href=\"https:\/\/san.uri.br\/extensao\/wp-content\/uploads\/2025\/11\/edital06_2025-retificacao_homologacao_inscricoes.pdf\">Clique Aqui<\/a><\/li><li>EDITAL N\u00ba 05\/2025 &#8211; HOMOLOGA\u00c7\u00c3O PRELIMINAR DAS INSCRI\u00c7\u00d5ES &#8211; <a href=\"https:\/\/san.uri.br\/extensao\/wp-content\/uploads\/2025\/11\/edital05_2025-homologacao_inscricoes.pdf\">Clique Aqui<\/a><\/li><li>EDITAL N\u00ba 04\/2025 &#8211; RELA\u00c7\u00c3O DE CANDIDATOS COM ISEN\u00c7\u00c3O DE INSCRI\u00c7\u00c3O &#8211; <a href=\"https:\/\/san.uri.br\/extensao\/wp-content\/uploads\/2025\/10\/EDITAL-04-DIVULGACAO-DE-CANDIDATOS-COM-ISENCAO-DE-INSCRICAO.pdf\">Clique Aqui<\/a><\/li><li>N\u00ba 03\/2025 &#8211; Edital de Retifica\u00e7\u00e3o &#8211; <a href=\"https:\/\/san.uri.br\/extensao\/wp-content\/uploads\/2025\/10\/pm-sao-miguel-edital_03-retificacao.pdf\">Clique Aqui<\/a><\/li><li>N\u00ba 02\/2025-Edital de Retifica\u00e7\u00e3o &#8211; <a href=\"https:\/\/san.uri.br\/extensao\/wp-content\/uploads\/2025\/09\/edital02-2025-retificacao.pdf\">Clique Aqui<\/a><\/li><li>Edital N\u00ba 01\/2025 &#8211; <a href=\"https:\/\/san.uri.br\/extensao\/wp-content\/uploads\/2025\/10\/pm_sao_miguel-edital01-2025.pdf\">Clique Aqui<\/a><\/li><\/ul>\n\n\n\n<p><\/p>\n\n\n\n<p><\/p>\n\n\n\n<p><\/p>\n\n\n\n<p><\/p>\n\n\n\n<p><\/p>\n\n\n\n<p><\/p>\n\n\n\n<p><\/p>\n\n\n\n<p><\/p>\n","protected":false},"excerpt":{"rendered":"<p>Informa\u00e7\u00f5es: Inscri\u00e7\u00f5es: 17 de setembro a 6 de outubro de 2025 &#8211; 20 de outubro a 10 de novembro de 2025 Valor da taxa de inscri\u00e7\u00e3o: Valor da taxa de inscri\u00e7\u00e3o:&nbsp;&nbsp;R$200,00 Cargo: Fonoaudi\u00f3logo &#8211; Prova &#8211; Clique Aqui Formul\u00e1rio de Recurso &#8211; Clique Aqui Editais: EDITAL N\u00ba11\/2025 &#8211; HOMOLOGA\u00c7\u00c3O DO CONCURSO &#8211; Clique Aqui EDITAL [&hellip;]<\/p>\n","protected":false},"author":1,"featured_media":0,"comment_status":"closed","ping_status":"closed","sticky":false,"template":"","format":"standard","meta":[],"categories":[6,1],"tags":[],"_links":{"self":[{"href":"https:\/\/san.uri.br\/extensao\/index.php\/wp-json\/wp\/v2\/posts\/3922"}],"collection":[{"href":"https:\/\/san.uri.br\/extensao\/index.php\/wp-json\/wp\/v2\/posts"}],"about":[{"href":"https:\/\/san.uri.br\/extensao\/index.php\/wp-json\/wp\/v2\/types\/post"}],"author":[{"embeddable":true,"href":"https:\/\/san.uri.br\/extensao\/index.php\/wp-json\/wp\/v2\/users\/1"}],"replies":[{"embeddable":true,"href":"https:\/\/san.uri.br\/extensao\/index.php\/wp-json\/wp\/v2\/comments?post=3922"}],"version-history":[{"count":28,"href":"https:\/\/san.uri.br\/extensao\/index.php\/wp-json\/wp\/v2\/posts\/3922\/revisions"}],"predecessor-version":[{"id":3999,"href":"https:\/\/san.uri.br\/extensao\/index.php\/wp-json\/wp\/v2\/posts\/3922\/revisions\/3999"}],"wp:attachment":[{"href":"https:\/\/san.uri.br\/extensao\/index.php\/wp-json\/wp\/v2\/media?parent=3922"}],"wp:term":[{"taxonomy":"category","embeddable":true,"href":"https:\/\/san.uri.br\/extensao\/index.php\/wp-json\/wp\/v2\/categories?post=3922"},{"taxonomy":"post_tag","embeddable":true,"href":"https:\/\/san.uri.br\/extensao\/index.php\/wp-json\/wp\/v2\/tags?post=3922"}],"curies":[{"name":"wp","href":"https:\/\/api.w.org\/{rel}","templated":true}]}}