{"id":87,"date":"2013-03-15T13:52:23","date_gmt":"2013-03-15T13:52:23","guid":{"rendered":"http:\/\/localhost:8090\/wordpress\/?p=87"},"modified":"2013-03-15T13:52:23","modified_gmt":"2013-03-15T13:52:23","slug":"papa-francisco-latino-americano","status":"publish","type":"post","link":"https:\/\/san.uri.br\/bibliotecacentral\/index.php\/2013\/03\/15\/papa-francisco-latino-americano\/","title":{"rendered":"Papa Francisco, latino-americano!"},"content":{"rendered":"<div class=\"text_uri_normal\"><strong>Publicado:<\/strong> 15\/03\/2013<\/div>\n<div class=\"text_uri_normal\"><strong>Fonte:<\/strong> Professor F\u00e1bio C\u00e9sar Junges<\/div>\n<div class=\"conteudo_geral\">\n<p align=\"justify\">A fuma\u00e7a branca anunciava o novo Papa sucessor de Bento XVI. Quando, ap\u00f3s a fuma\u00e7a, anunciava-se Jorge Mario Bergoglio como o novo Papa da Igreja Cat\u00f3lica Apost\u00f3lica Romana (ICAR) os holofotes da m\u00eddia e muitas das reflex\u00f5es se fixaram sobre o novo Papa, sua primeira b\u00ean\u00e7\u00e3o, sua biografia, etc. \u00c9 claro, com a boa not\u00edcia, naturalmente nossa aten\u00e7\u00e3o acaba centrada no novo Papa. Em meio \u00e0 euforia da elei\u00e7\u00e3o, contudo, n\u00e3o podemos esquecer um dos elementos que possibilitou a elei\u00e7\u00e3o do novo Papa: a ren\u00fancia de Bento XVI.<\/p>\n<p>O Papa Bento XVI, hoje bispo em\u00e9rito de Roma, abriu o caminho para o Bispo Francisco \u201ciniciar com o povo\u201d! Bento XVI teve um papel decisivo nesta elei\u00e7\u00e3o! Ele abriu, em primeiro lugar, a possibilidade da ren\u00fancia, desvinculando a pessoa (a biografia) da fun\u00e7\u00e3o (Bispo de Roma e Papa). Com a ren\u00fancia, abriu a possibilidade de finalmente aparecer uma \u201ccor\u201d diferente no papado das \u00faltimas d\u00e9cadas. A Igreja povo de Deus, representada nos cardeais, teve tempo desde o dia 28 de fevereiro at\u00e9 o dia 12 de mar\u00e7o para a reflex\u00e3o. E, finalmente, no dia 13 de mar\u00e7o de 2013 a fuma\u00e7a da capela sistina anunciava uma nova \u201ccor\u201d no papado.<\/p>\n<p>Al\u00e9m do mais, Bento XVI sucedeu o Papa Jo\u00e3o Paulo II, o \u00fanico Papa conhecido pela gera\u00e7\u00e3o que hoje possui 34 anos. N\u00e3o era f\u00e1cil suceder o Papa Jo\u00e3o Paulo II, t\u00e3o querido pelos crist\u00e3os da ICAR. Bento XVI, em minha opini\u00e3o, assumiu a responsabilidade de suceder um papa de v\u00e1rias gera\u00e7\u00f5es. Nisto consiste sua grandeza e sua import\u00e2ncia na elei\u00e7\u00e3o do novo papa. Possibilitou, tamb\u00e9m, expor ao mundo os problemas da C\u00faria Romana e julgar os esc\u00e2ndalos de abusos sexuais que envolviam a ICAR. Al\u00e9m do mais, Francisco, Bispo de Roma, agradeceu ao Bispo Em\u00e9rito Bento XVI, negligenciando o t\u00edtulo da C\u00faria Romana de que agora Bento XVI seria \u201cSua Santidade, Papa Em\u00e9rito Bento XVI\u201d. Papa Francisco j\u00e1 separou, portanto, a pessoa da fun\u00e7\u00e3o, na mesma linha de Bento XVI!<\/p>\n<p>Dito isto, ent\u00e3o, podemos e devemos falar sobre o novo Papa, Francisco: o primeiro papa latino-americano; o primeiro papa com o nome Francisco; o primeiro papa jesu\u00edta; o primeiro&#8230;? Papa Francisco demonstrou, desde seu primeiro sorriso e sua primeira fala, que tem carisma, talvez mais do que o pr\u00f3prio Jo\u00e3o Paulo II. Seu carisma, contudo, \u00e9 diferente. Papa Francisco viveu com o povo de Deus latino-americano e \u201cbebeu\u201d da teologia latino-americana, mais conhecida como Teologia da Liberta\u00e7\u00e3o, como ficou expresso, em suas palavras e gestos de sua primeira b\u00ean\u00e7\u00e3o e de sua primeira homilia como pont\u00edfice.<\/p>\n<p>Palavras&#8230; Papa Francisco falou a linguagem da teologia latino-americana. Demonstrou, na fala de sua primeira b\u00ean\u00e7\u00e3o, que o Papa \u00e9, em primeiro lugar, Bispo de Roma e, por extens\u00e3o, pai de toda a ICAR; o Papa pediu ao povo, antes de sua b\u00ean\u00e7\u00e3o, que o aben\u00e7oasse; despediu-se desejando um bom descanso, como um verdadeiro pai que se preocupa com os filhos. A mesma impress\u00e3o o Papa deixou em sua homilia na primeira missa como pont\u00edfice.<\/p>\n<p>Gestos&#8230; Desde sua primeira apari\u00e7\u00e3o p\u00fablica, Papa Francisco mostrou diversas diferen\u00e7as em sua veste em rela\u00e7\u00e3o aos seus antecessores. Na sua primeira b\u00ean\u00e7\u00e3o, por exemplo, usou uma cruz de a\u00e7o pr\u00f3pria dos bispos, ao inv\u00e9s de usar a tradicional cruz dourada dos papas. Suas vestes revelam um Papa preocupado em restaurar a originalidade da Igreja.<\/p>\n<p>O seu sorriso j\u00e1 cativou os crist\u00e3os cat\u00f3licos. Suas palavras chegaram ao cora\u00e7\u00e3o daqueles e daquelas que lutam e rezam para que os mais desfavorecidos do mundo tenham esperan\u00e7a. Francisco jesu\u00edta, jun\u00e7\u00e3o franciscanos e jesu\u00edtas, duas congrega\u00e7\u00f5es, pobreza e intelectualidade respectivamente, esse \u00e9 o novo \u201cBispo\u201d de Roma, pai dos crist\u00e3os cat\u00f3licos.<\/p>\n<p>Papa Francisco, considerado conservador nas quest\u00f5es morais, mas libertador nas quest\u00f5es sociais! Do que mais precisamos? De minha parte, de um papa que considera, em primeiro lugar, das quest\u00f5es sociais do mundo contempor\u00e2neo. Ser\u00e1 este o Papa Francisco?<\/p>\n<p align=\"right\"><em>F\u00e1bio C\u00e9sar Junges \u2013 Professor do curso de Teologia da URI\/IMT<\/em><\/p>\n<\/div>\n","protected":false},"excerpt":{"rendered":"<p>Publicado: 15\/03\/2013 Fonte: Professor F\u00e1bio C\u00e9sar Junges A fuma\u00e7a branca anunciava o novo Papa sucessor de Bento XVI. Quando, ap\u00f3s a fuma\u00e7a, anunciava-se Jorge Mario Bergoglio como o novo Papa da Igreja Cat\u00f3lica Apost\u00f3lica Romana (ICAR) os holofotes da m\u00eddia e muitas das reflex\u00f5es se fixaram sobre o novo Papa, sua primeira b\u00ean\u00e7\u00e3o, sua biografia, [&hellip;]<\/p>\n","protected":false},"author":1,"featured_media":0,"comment_status":"open","ping_status":"open","sticky":false,"template":"","format":"standard","meta":[],"categories":[3],"tags":[],"_links":{"self":[{"href":"https:\/\/san.uri.br\/bibliotecacentral\/index.php\/wp-json\/wp\/v2\/posts\/87"}],"collection":[{"href":"https:\/\/san.uri.br\/bibliotecacentral\/index.php\/wp-json\/wp\/v2\/posts"}],"about":[{"href":"https:\/\/san.uri.br\/bibliotecacentral\/index.php\/wp-json\/wp\/v2\/types\/post"}],"author":[{"embeddable":true,"href":"https:\/\/san.uri.br\/bibliotecacentral\/index.php\/wp-json\/wp\/v2\/users\/1"}],"replies":[{"embeddable":true,"href":"https:\/\/san.uri.br\/bibliotecacentral\/index.php\/wp-json\/wp\/v2\/comments?post=87"}],"version-history":[{"count":0,"href":"https:\/\/san.uri.br\/bibliotecacentral\/index.php\/wp-json\/wp\/v2\/posts\/87\/revisions"}],"wp:attachment":[{"href":"https:\/\/san.uri.br\/bibliotecacentral\/index.php\/wp-json\/wp\/v2\/media?parent=87"}],"wp:term":[{"taxonomy":"category","embeddable":true,"href":"https:\/\/san.uri.br\/bibliotecacentral\/index.php\/wp-json\/wp\/v2\/categories?post=87"},{"taxonomy":"post_tag","embeddable":true,"href":"https:\/\/san.uri.br\/bibliotecacentral\/index.php\/wp-json\/wp\/v2\/tags?post=87"}],"curies":[{"name":"wp","href":"https:\/\/api.w.org\/{rel}","templated":true}]}}