{"id":85,"date":"2013-03-20T13:40:13","date_gmt":"2013-03-20T13:40:13","guid":{"rendered":"http:\/\/localhost:8090\/wordpress\/?p=85"},"modified":"2013-03-20T13:40:13","modified_gmt":"2013-03-20T13:40:13","slug":"arranjo-produtivo-local-da-agroindustria-familiar-em-desenvolvimento-em-todos-os-municipios-da-regiao-das-missoes","status":"publish","type":"post","link":"https:\/\/san.uri.br\/bibliotecacentral\/index.php\/2013\/03\/20\/arranjo-produtivo-local-da-agroindustria-familiar-em-desenvolvimento-em-todos-os-municipios-da-regiao-das-missoes\/","title":{"rendered":"Arranjo Produtivo Local da Agroind\u00fastria Familiar em desenvolvimento em todos os munic\u00edpios da regi\u00e3o das Miss\u00f5es"},"content":{"rendered":"<div class=\"text_uri_normal\"><strong>Publicado:<\/strong> 20\/03\/2013<\/div>\n<div class=\"text_uri_normal\"><strong>Fonte:<\/strong> Jos\u00e9 Roberto de Oliveira<\/div>\n<div class=\"conteudo_geral\">\n<p align=\"justify\">O mais antigo arranjo produtivo da regi\u00e3o Missioneira, o da agroind\u00fastria familiar, est\u00e1 em plena produ\u00e7\u00e3o nos 25 munic\u00edpios. A partir de 1626, os Jesu\u00edtas levaram as comunidades guaranis a produzirem para o seu pr\u00f3prio sustento e exportarem as sobras da produ\u00e7\u00e3o para os mercados de Buenos Aires e Europa. Montesquieu, um dos principais escritores do Iluminismo chamou a \u201cexperi\u00eancia\u201d de \u201cprimeiro estado industrial da Am\u00e9rica\u201d.<\/p>\n<p>Com a expuls\u00e3o dos Jesu\u00edtas e posteriormente a entrada dos imigrantes europeus na regi\u00e3o, come\u00e7ou um novo modelo de produ\u00e7\u00e3o e distribui\u00e7\u00e3o, onde atrav\u00e9s dos carroceiros se levava a produ\u00e7\u00e3o regional para a regi\u00e3o da Campanha. Aquele momento econ\u00f4mico foi muito importante para o desenvolvimento das col\u00f4nias e foi base para a forma\u00e7\u00e3o do n\u00famero de munic\u00edpio que temos em 2013, totalizando 25.<\/p>\n<p>Os ciclos econ\u00f4micos da regi\u00e3o foram mudando e atualmente cerca de 500 fam\u00edlias t\u00eam experi\u00eancias de agroind\u00fastria familiar. Alguns destes empreendimentos s\u00e3o maiores, mas a grande maioria \u00e9 de pequen\u00edssimo porte.<\/p>\n<p>Calcula-se que atualmente a regi\u00e3o tenha 200 mil pessoas que n\u00e3o sejam produtoras de alimentos, ou seja, compram totalmente o que consomem. Estas, em m\u00e9dia, entre ricos e pobres, consomem entre seu caf\u00e9 da manh\u00e3, lanches, almo\u00e7o e janta, cerca de R$ 10 reais, ou seja, h\u00e1 um consumo di\u00e1rio de cerca de dois milh\u00f5es de reais. Como o produzido na regi\u00e3o \u00e9 muito pequeno, a grande maioria do dinheiro regional se esvai para outras regi\u00f5es, gerando emprego e renda naqueles locais onde se produz para o consumo local.<\/p>\n<p>Com o intuito de fixar o homem na terra e o retorno dos missioneiros que foram para centros produtivos, inverter a posi\u00e7\u00e3o da regi\u00e3o compradora de alimentos agroindustrializados, est\u00e1 em desenvolvimento o projeto do Arranjo Produtivo Local da Agroind\u00fastria Familiar.<\/p>\n<p>A URI Santo \u00c2ngelo como instrumento de desenvolvimento regional, juntamente com a UFFS, UERGS, EMATER, SDR, Sindicatos dos Trabalhadores Rurais e Prefeituras da AMM est\u00e3o unidos atrav\u00e9s do projeto financiado pela AGDI (Ag\u00eancia Ga\u00facha de Desenvolvimento), onde o foco \u00e9 a compreens\u00e3o da rela\u00e7\u00e3o mercado \u2013 produ\u00e7\u00e3o,\u00a0 aumento e qualifica\u00e7\u00e3o da produ\u00e7\u00e3o, com vis\u00e3o de autossustentabilidade. Est\u00e1 se constituindo um processo de confian\u00e7a que leve ao aumento da produ\u00e7\u00e3o e o aumento do consumo dos produtos missioneiros.<\/p>\n<p>Em cada munic\u00edpio vem ocorrendo um esfor\u00e7o dos \u00f3rg\u00e3os de ponta, como a EMATER e Secretarias Municipais. \u00c9 preciso que novos empreendedores da agricultura familiar observem a capacidade de consumo regional, sem falar nas capacidades da regi\u00e3o Noroeste do estado, pois o mesmo perfil de produ\u00e7\u00e3o-consumo se faz como nas Miss\u00f5es, ou seja, podemos perfeitamente vender para as regi\u00f5es pr\u00f3ximas.<\/p>\n<p>J\u00e1 foram realizados seis F\u00f3runs Municipais de debate sobre a tem\u00e1tica. At\u00e9 o final do ano, todos os munic\u00edpios j\u00e1 ter\u00e3o discutido os caminhos para o pleno desenvolvimento em cada localidade. Para isto, \u00e9 importante que cada mun\u00edcipe pense a respeito deste mercado potencial e tamb\u00e9m comece a comprar produtos produzidos localmente \u2013 no sentido de reverter \u00e0 realidade da regi\u00e3o compradora de alimentos. Caso quisermos desenvolver economicamente e socialmente, \u00e9 preciso autossustentabilidade e rapidamente passar a ser uma regi\u00e3o exportadora de alimentos, afinal de contas, nos consideramos uma regi\u00e3o agr\u00edcola e, agregar valor ser\u00e1 o centro do processo de desenvolvimento.<\/p>\n<p>Interessando-se em ser um agroindustrializador, procure a EMATER de sua cidade ou a Secretaria da Agricultura. A regi\u00e3o precisa do empreendedorismo missioneiro para o desenvolvimento econ\u00f4mico e social das fam\u00edlias. Converse com seus familiares e vizinhos a respeito deste tema, h\u00e1 sempre uma oportunidade a partir do conhecimento das t\u00e9cnicas produtivas em cada fam\u00edlia.<\/p>\n<p align=\"right\">\n<em>Jos\u00e9 Roberto de Oliveira<br \/>\nMestre em Desenvolvimento<br \/>\nAssessor Executivo do APL Agroind\u00fastria Familiar<br \/>\n<\/em><\/p>\n<\/div>\n","protected":false},"excerpt":{"rendered":"<p>Publicado: 20\/03\/2013 Fonte: Jos\u00e9 Roberto de Oliveira O mais antigo arranjo produtivo da regi\u00e3o Missioneira, o da agroind\u00fastria familiar, est\u00e1 em plena produ\u00e7\u00e3o nos 25 munic\u00edpios. A partir de 1626, os Jesu\u00edtas levaram as comunidades guaranis a produzirem para o seu pr\u00f3prio sustento e exportarem as sobras da produ\u00e7\u00e3o para os mercados de Buenos Aires [&hellip;]<\/p>\n","protected":false},"author":1,"featured_media":0,"comment_status":"open","ping_status":"open","sticky":false,"template":"","format":"standard","meta":[],"categories":[3],"tags":[],"_links":{"self":[{"href":"https:\/\/san.uri.br\/bibliotecacentral\/index.php\/wp-json\/wp\/v2\/posts\/85"}],"collection":[{"href":"https:\/\/san.uri.br\/bibliotecacentral\/index.php\/wp-json\/wp\/v2\/posts"}],"about":[{"href":"https:\/\/san.uri.br\/bibliotecacentral\/index.php\/wp-json\/wp\/v2\/types\/post"}],"author":[{"embeddable":true,"href":"https:\/\/san.uri.br\/bibliotecacentral\/index.php\/wp-json\/wp\/v2\/users\/1"}],"replies":[{"embeddable":true,"href":"https:\/\/san.uri.br\/bibliotecacentral\/index.php\/wp-json\/wp\/v2\/comments?post=85"}],"version-history":[{"count":0,"href":"https:\/\/san.uri.br\/bibliotecacentral\/index.php\/wp-json\/wp\/v2\/posts\/85\/revisions"}],"wp:attachment":[{"href":"https:\/\/san.uri.br\/bibliotecacentral\/index.php\/wp-json\/wp\/v2\/media?parent=85"}],"wp:term":[{"taxonomy":"category","embeddable":true,"href":"https:\/\/san.uri.br\/bibliotecacentral\/index.php\/wp-json\/wp\/v2\/categories?post=85"},{"taxonomy":"post_tag","embeddable":true,"href":"https:\/\/san.uri.br\/bibliotecacentral\/index.php\/wp-json\/wp\/v2\/tags?post=85"}],"curies":[{"name":"wp","href":"https:\/\/api.w.org\/{rel}","templated":true}]}}