{"id":33,"date":"2013-04-18T13:06:11","date_gmt":"2013-04-18T13:06:11","guid":{"rendered":"http:\/\/127.0.0.1:8090\/wordpress\/?p=33"},"modified":"2013-04-18T13:06:11","modified_gmt":"2013-04-18T13:06:11","slug":"nucleo-de-pratica-juridica-da-uri-um-instrumento-de-acesso-a-justica-e-efetivacao-da-cidadania","status":"publish","type":"post","link":"https:\/\/san.uri.br\/bibliotecacentral\/index.php\/2013\/04\/18\/nucleo-de-pratica-juridica-da-uri-um-instrumento-de-acesso-a-justica-e-efetivacao-da-cidadania\/","title":{"rendered":"N\u00facleo de Pr\u00e1tica Jur\u00eddica da URI: Um instrumento de acesso \u00e0 justi\u00e7a e efetiva\u00e7\u00e3o da cidadania"},"content":{"rendered":"<div class=\"titles2\">\n<p><strong>Publicado:<\/strong> 18\/04\/2013<\/p>\n<\/div>\n<div class=\"text_uri_normal\"><strong>Fonte:<\/strong> Professora Charlise Colet Gimenez<\/div>\n<div class=\"conteudo_geral\">\n<p align=\"justify\">Ao apresentar o N\u00facleo de Pr\u00e1tica Jur\u00eddica do curso de Gradua\u00e7\u00e3o em Direito da URI, campus Santo \u00c2ngelo, importa destacar a sua fun\u00e7\u00e3o, eis que vai al\u00e9m da proposta de ser um espa\u00e7o para a realiza\u00e7\u00e3o de aulas pr\u00e1ticas das disciplinas de Est\u00e1gio de Pr\u00e1tica Jur\u00eddica, cursadas do sexto ao d\u00e9cimo semestre, as quais envolvem as disciplinas te\u00f3ricas de direito material apreendidas nas diversas \u00e1reas do Direito, como, por exemplo, Direito Civil, Direito Penal, Direito do Trabalho, Direito Previdenci\u00e1rio, dentre outros, relacionadas \u00e0s disciplinas de Direito Processual.<\/p>\n<p>A grade curricular do curso apresenta disciplinas que contemplam Direito Material e Direito Processual, bem como disciplinas formativas, cujo objetivo \u00e9 auxiliar na constru\u00e7\u00e3o de um profissional consciente \u00e0 realidade que o cerca, \u00e9tico no exerc\u00edcio da sua profiss\u00e3o, justo na realiza\u00e7\u00e3o de suas escolhas e sens\u00edvel \u00e0s demandas da sociedade.<\/p>\n<p>A partir desses valores, estruturam-se as atividades do N\u00facleo de Pr\u00e1tica Jur\u00eddica, o qual apresenta tr\u00eas escrit\u00f3rios para atendimento de pessoas que percebam mensalmente no m\u00e1ximo dois sal\u00e1rios m\u00ednimos: no campus, junto ao pr\u00e9dio onde funciona o curso de Gradua\u00e7\u00e3o e Mestrado em Direito; no segundo andar do F\u00f3rum de Santo \u00c2ngelo; e no F\u00f3rum de S\u00e3o Borja, sendo o atendimento prestado diariamente, por acad\u00eamicos que realizam est\u00e1gio supervisionado, os quais, al\u00e9m do atendimento, acompanham o andamento de processos, confeccionam pe\u00e7as processuais, realizam procedimento administrativo, incentivam a media\u00e7\u00e3o de conflitos e configuram o elo entre o cliente e o Poder Judici\u00e1rio.<\/p>\n<p>Aliado ao ensino-pr\u00e1tico, o N\u00facleo desenvolve viagens de estudo para Porto Alegre, semestralmente, a fim de capacitar o conhecimento do funcionamento e organiza\u00e7\u00e3o de \u00f3rg\u00e3os p\u00fablicos relacionados \u00e0 atividade jur\u00eddica, integrando teoria e pr\u00e1tica, al\u00e9m de visitas em Santo \u00c2ngelo. No presente ano, a viagem ter\u00e1 como destino a capital federal, Bras\u00edlia, que, durante cinco dias, os acad\u00eamicos ter\u00e3o uma maior vis\u00e3o do espa\u00e7o em que est\u00e3o inseridos, bem como maior experi\u00eancia pr\u00e1tica jur\u00eddica.<\/p>\n<p>Igualmente, em raz\u00e3o da preocupa\u00e7\u00e3o na forma\u00e7\u00e3o de seus acad\u00eamicos em Direito, o N\u00facleo de Pr\u00e1tica Jur\u00eddica desenvolve audi\u00eancias e j\u00faris simulados, analisa autos de processos findos, estimula e orienta a pr\u00e1tica simulada, possibilitando que o estudante esteja mais preparado \u00e0 vida profissional.<\/p>\n<p>Somando-se \u00e0s atividades referidas, desenvolvem-se projetos de a\u00e7\u00e3o social, consistindo na realiza\u00e7\u00e3o de palestras em escolas, pelos acad\u00eamicos e professores, como forma de conscientizar e incentivar a forma\u00e7\u00e3o de um cidad\u00e3o mais cr\u00edtico e preocupado com as demandas sociais atuais, bem como o trabalho de preven\u00e7\u00e3o e efetiva\u00e7\u00e3o do acesso \u00e0 justi\u00e7a pela atua\u00e7\u00e3o do N\u00facleo de Pr\u00e1tica Jur\u00eddica itinerante, em bairros da cidade de Santo \u00c2ngelo, a partir da consultoria jur\u00eddica preventiva e assist\u00eancia administrativa e jur\u00eddica.<\/p>\n<p>A atua\u00e7\u00e3o do N\u00facleo de Pr\u00e1tica Jur\u00eddica, formado por professores, advogados e estagi\u00e1rios, orienta-se na perpetua\u00e7\u00e3o de uma cultura de paz, destinada a garantir o exerc\u00edcio do poder de cidadania de cada pessoa, a construir uma sociedade livre, justa e solid\u00e1ria, e a promover o bem de todos, sem distin\u00e7\u00e3o. Tais valores e princ\u00edpios s\u00e3o espelhados na trajet\u00f3ria do curso de Gradua\u00e7\u00e3o em Direito da URI, o qual completa 20 anos em 2013, tempo que registra n\u00e3o somente sua hist\u00f3ria, mas revela experi\u00eancia, conhecimento, responsabilidade e dedica\u00e7\u00e3o no ensino do Direito.<\/p>\n<p>&nbsp;<\/p>\n<p align=\"right\"><em>Charlise Colet Gimenez<br \/>\nProfessora do curso de Direito da URI Santo \u00c2ngelo<br \/>\nCoordenadora do N\u00facleo de Pr\u00e1tica Jur\u00eddica (NPJ)<\/em><\/p>\n<\/div>\n","protected":false},"excerpt":{"rendered":"<p>Publicado: 18\/04\/2013 Fonte: Professora Charlise Colet Gimenez Ao apresentar o N\u00facleo de Pr\u00e1tica Jur\u00eddica do curso de Gradua\u00e7\u00e3o em Direito da URI, campus Santo \u00c2ngelo, importa destacar a sua fun\u00e7\u00e3o, eis que vai al\u00e9m da proposta de ser um espa\u00e7o para a realiza\u00e7\u00e3o de aulas pr\u00e1ticas das disciplinas de Est\u00e1gio de Pr\u00e1tica Jur\u00eddica, cursadas do [&hellip;]<\/p>\n","protected":false},"author":1,"featured_media":0,"comment_status":"open","ping_status":"open","sticky":false,"template":"","format":"standard","meta":[],"categories":[3],"tags":[],"_links":{"self":[{"href":"https:\/\/san.uri.br\/bibliotecacentral\/index.php\/wp-json\/wp\/v2\/posts\/33"}],"collection":[{"href":"https:\/\/san.uri.br\/bibliotecacentral\/index.php\/wp-json\/wp\/v2\/posts"}],"about":[{"href":"https:\/\/san.uri.br\/bibliotecacentral\/index.php\/wp-json\/wp\/v2\/types\/post"}],"author":[{"embeddable":true,"href":"https:\/\/san.uri.br\/bibliotecacentral\/index.php\/wp-json\/wp\/v2\/users\/1"}],"replies":[{"embeddable":true,"href":"https:\/\/san.uri.br\/bibliotecacentral\/index.php\/wp-json\/wp\/v2\/comments?post=33"}],"version-history":[{"count":0,"href":"https:\/\/san.uri.br\/bibliotecacentral\/index.php\/wp-json\/wp\/v2\/posts\/33\/revisions"}],"wp:attachment":[{"href":"https:\/\/san.uri.br\/bibliotecacentral\/index.php\/wp-json\/wp\/v2\/media?parent=33"}],"wp:term":[{"taxonomy":"category","embeddable":true,"href":"https:\/\/san.uri.br\/bibliotecacentral\/index.php\/wp-json\/wp\/v2\/categories?post=33"},{"taxonomy":"post_tag","embeddable":true,"href":"https:\/\/san.uri.br\/bibliotecacentral\/index.php\/wp-json\/wp\/v2\/tags?post=33"}],"curies":[{"name":"wp","href":"https:\/\/api.w.org\/{rel}","templated":true}]}}