{"id":222,"date":"2016-09-27T17:21:58","date_gmt":"2016-09-27T17:21:58","guid":{"rendered":"http:\/\/srvapp2s.santoangelo.uri.br\/sites\/biblioteca\/?p=222"},"modified":"2016-09-27T17:21:58","modified_gmt":"2016-09-27T17:21:58","slug":"revista-de-gestao-da-tecnologia-e-sistemas-de-informacao","status":"publish","type":"post","link":"https:\/\/san.uri.br\/bibliotecacentral\/index.php\/2016\/09\/27\/revista-de-gestao-da-tecnologia-e-sistemas-de-informacao\/","title":{"rendered":"Revista de Gest\u00e3o da Tecnologia e Sistemas de Informa\u00e7\u00e3o"},"content":{"rendered":"","protected":false},"excerpt":{"rendered":"<p>http:\/\/www.jistem.fea.usp.br\/index.php\/jistem<\/p>\n","protected":false},"author":1,"featured_media":0,"comment_status":"open","ping_status":"open","sticky":false,"template":"","format":"standard","meta":[],"categories":[5],"tags":[],"_links":{"self":[{"href":"https:\/\/san.uri.br\/bibliotecacentral\/index.php\/wp-json\/wp\/v2\/posts\/222"}],"collection":[{"href":"https:\/\/san.uri.br\/bibliotecacentral\/index.php\/wp-json\/wp\/v2\/posts"}],"about":[{"href":"https:\/\/san.uri.br\/bibliotecacentral\/index.php\/wp-json\/wp\/v2\/types\/post"}],"author":[{"embeddable":true,"href":"https:\/\/san.uri.br\/bibliotecacentral\/index.php\/wp-json\/wp\/v2\/users\/1"}],"replies":[{"embeddable":true,"href":"https:\/\/san.uri.br\/bibliotecacentral\/index.php\/wp-json\/wp\/v2\/comments?post=222"}],"version-history":[{"count":0,"href":"https:\/\/san.uri.br\/bibliotecacentral\/index.php\/wp-json\/wp\/v2\/posts\/222\/revisions"}],"wp:attachment":[{"href":"https:\/\/san.uri.br\/bibliotecacentral\/index.php\/wp-json\/wp\/v2\/media?parent=222"}],"wp:term":[{"taxonomy":"category","embeddable":true,"href":"https:\/\/san.uri.br\/bibliotecacentral\/index.php\/wp-json\/wp\/v2\/categories?post=222"},{"taxonomy":"post_tag","embeddable":true,"href":"https:\/\/san.uri.br\/bibliotecacentral\/index.php\/wp-json\/wp\/v2\/tags?post=222"}],"curies":[{"name":"wp","href":"https:\/\/api.w.org\/{rel}","templated":true}]}}