{"id":218,"date":"2016-09-27T17:20:08","date_gmt":"2016-09-27T17:20:08","guid":{"rendered":"http:\/\/srvapp2s.santoangelo.uri.br\/sites\/biblioteca\/?p=218"},"modified":"2016-09-27T17:20:08","modified_gmt":"2016-09-27T17:20:08","slug":"revista-do-servico-publico-brasilia","status":"publish","type":"post","link":"https:\/\/san.uri.br\/bibliotecacentral\/index.php\/2016\/09\/27\/revista-do-servico-publico-brasilia\/","title":{"rendered":"Revista do Servi\u00e7o P\u00fablico (Bras\u00edlia)"},"content":{"rendered":"","protected":false},"excerpt":{"rendered":"<p>http:\/\/www.enap.gov.br\/index.php?option=content&#038;task=view&#038;id=257&#038;Itemid=68<\/p>\n","protected":false},"author":1,"featured_media":0,"comment_status":"open","ping_status":"open","sticky":false,"template":"","format":"standard","meta":[],"categories":[5],"tags":[],"_links":{"self":[{"href":"https:\/\/san.uri.br\/bibliotecacentral\/index.php\/wp-json\/wp\/v2\/posts\/218"}],"collection":[{"href":"https:\/\/san.uri.br\/bibliotecacentral\/index.php\/wp-json\/wp\/v2\/posts"}],"about":[{"href":"https:\/\/san.uri.br\/bibliotecacentral\/index.php\/wp-json\/wp\/v2\/types\/post"}],"author":[{"embeddable":true,"href":"https:\/\/san.uri.br\/bibliotecacentral\/index.php\/wp-json\/wp\/v2\/users\/1"}],"replies":[{"embeddable":true,"href":"https:\/\/san.uri.br\/bibliotecacentral\/index.php\/wp-json\/wp\/v2\/comments?post=218"}],"version-history":[{"count":0,"href":"https:\/\/san.uri.br\/bibliotecacentral\/index.php\/wp-json\/wp\/v2\/posts\/218\/revisions"}],"wp:attachment":[{"href":"https:\/\/san.uri.br\/bibliotecacentral\/index.php\/wp-json\/wp\/v2\/media?parent=218"}],"wp:term":[{"taxonomy":"category","embeddable":true,"href":"https:\/\/san.uri.br\/bibliotecacentral\/index.php\/wp-json\/wp\/v2\/categories?post=218"},{"taxonomy":"post_tag","embeddable":true,"href":"https:\/\/san.uri.br\/bibliotecacentral\/index.php\/wp-json\/wp\/v2\/tags?post=218"}],"curies":[{"name":"wp","href":"https:\/\/api.w.org\/{rel}","templated":true}]}}