{"id":170,"date":"2016-07-20T22:12:05","date_gmt":"2016-07-20T22:12:05","guid":{"rendered":"http:\/\/srvapp2s.santoangelo.uri.br\/sites\/biblioteca\/?p=170"},"modified":"2016-07-20T22:12:05","modified_gmt":"2016-07-20T22:12:05","slug":"horario-atendimento-especial","status":"publish","type":"post","link":"https:\/\/san.uri.br\/bibliotecacentral\/index.php\/2016\/07\/20\/horario-atendimento-especial\/","title":{"rendered":"Hor\u00e1rio Atendimento &#8211; Especial"},"content":{"rendered":"<p><img src=\"http:\/\/www.urisan.tche.br\/bibliotecacentral\/images\/flecha_cinza.png\" alt=\"\" border=\"hidden\" \/><strong>Atendimento<\/strong> &#8211; <strong>Hor\u00e1rio Especial\u00a0<\/strong><\/p>\n<p>Segunda \u00e0 sexta-feira: 13h30min \u00e0s 22h<\/p>\n<p>S\u00e1bados: 7h45min \u00e0s 11h45min<\/p>\n","protected":false},"excerpt":{"rendered":"<p>Atendimento &#8211; Hor\u00e1rio Especial\u00a0 Segunda \u00e0 sexta-feira: 13h30min \u00e0s 22h S\u00e1bados: 7h45min \u00e0s 11h45min<\/p>\n","protected":false},"author":1,"featured_media":0,"comment_status":"open","ping_status":"open","sticky":false,"template":"","format":"standard","meta":[],"categories":[4],"tags":[],"_links":{"self":[{"href":"https:\/\/san.uri.br\/bibliotecacentral\/index.php\/wp-json\/wp\/v2\/posts\/170"}],"collection":[{"href":"https:\/\/san.uri.br\/bibliotecacentral\/index.php\/wp-json\/wp\/v2\/posts"}],"about":[{"href":"https:\/\/san.uri.br\/bibliotecacentral\/index.php\/wp-json\/wp\/v2\/types\/post"}],"author":[{"embeddable":true,"href":"https:\/\/san.uri.br\/bibliotecacentral\/index.php\/wp-json\/wp\/v2\/users\/1"}],"replies":[{"embeddable":true,"href":"https:\/\/san.uri.br\/bibliotecacentral\/index.php\/wp-json\/wp\/v2\/comments?post=170"}],"version-history":[{"count":0,"href":"https:\/\/san.uri.br\/bibliotecacentral\/index.php\/wp-json\/wp\/v2\/posts\/170\/revisions"}],"wp:attachment":[{"href":"https:\/\/san.uri.br\/bibliotecacentral\/index.php\/wp-json\/wp\/v2\/media?parent=170"}],"wp:term":[{"taxonomy":"category","embeddable":true,"href":"https:\/\/san.uri.br\/bibliotecacentral\/index.php\/wp-json\/wp\/v2\/categories?post=170"},{"taxonomy":"post_tag","embeddable":true,"href":"https:\/\/san.uri.br\/bibliotecacentral\/index.php\/wp-json\/wp\/v2\/tags?post=170"}],"curies":[{"name":"wp","href":"https:\/\/api.w.org\/{rel}","templated":true}]}}